{"id":2941,"date":"2017-02-15T08:56:36","date_gmt":"2017-02-15T07:56:36","guid":{"rendered":""},"modified":"2024-08-15T15:52:51","modified_gmt":"2024-08-15T13:52:51","slug":"utp-lider-en-programa-pilos-por-el-mundo","status":"publish","type":"post","link":"https:\/\/vicerrectorias.utp.edu.co\/responsabilidad-social\/utp-lider-en-programa-pilos-por-el-mundo\/","title":{"rendered":"UTP l\u00edder en programa Pilos por el Mundo"},"content":{"rendered":"\n<p><span class=\"post-content__span\"> UTP l\u00edder en programa Pilos por el Mundo<\/p>\n\n\n\n<p><span class=\"post-content__span\"> <img decoding=\"async\" alt=\"UTP l\u00edder en programa Pilos por el Mundo   \" src=\"https:\/\/comunicaciones.utp.edu.co\/wp-content\/uploads\/sites\/2\/14-febrero-ORI.jpg\">De 40 becas a nivel nacional para el programa Pilos por el Mundo, la UTP tiene15, siendo una de las universidades del pa\u00eds donde m\u00e1s estudiantes gracias a su rendimiento y gestiones institucionales, han sido beneficiarios de esta iniciativa del Gobierno Nacional.<\/p>\n\n\n\n<p><span class=\"post-content__span\"> Es as\u00ed como ocho j\u00f3venes de la Universidad Tecnol\u00f3gica de Pereira &nbsp;de los programas de Ingenier\u00eda Industrial e Ingenier\u00eda Mec\u00e1nica fueron beneficiarios del &nbsp;programa Pilos por el Mundo, para realizar intercambio acad\u00e9mico en l\u2019\u00c9cole Nationale Sup\u00e9rieure d\u2019Arts et M\u00e9tiers en Francia y viajar\u00e1n hoy martes 14 de febrero, sum\u00e1ndose a los 7 universitarios que viajaron el semestre pasado al pa\u00eds franco parlante.<\/p>\n\n\n\n<p><span class=\"post-content__span\"> Esta apuesta por la internacionalizaci\u00f3n de la Universidad, se debe a las gestiones del rector, Luis Fernando Gaviria Trujillo y la Oficina de Relaciones Internacionales que han dedicado esfuerzos para aprovechar al m\u00e1ximo las oportunidades de este programa nacional para&nbsp; vincular a la comunidad estudiantil.<\/p>\n\n\n\n<p><span class=\"post-content__span\"> Esta iniciativa fue promovida por el Ministerio de Educaci\u00f3n Nacional (MEN), ICETEX y La Embajada de Francia con el objetivo de formar estudiantes con alto nivel en materia de investigaci\u00f3n, generaci\u00f3n de competencias cient\u00edficas y movilidad internacional.&nbsp;<\/p>\n\n\n\n<p><span class=\"post-content__span\"> <strong>Los tecnol\u00f3gicos que viajan&nbsp;son:<\/strong><\/p>\n\n\n\n<figure class=\"wp-block-table\"><table><tbody><tr><td>\n<p><span class=\"post-content__span\"> <strong>Nombre y apellido<\/strong><\/p>\n<\/td><td>\n<p><span class=\"post-content__span\"> <strong>Programa<\/strong><\/p>\n<\/td><\/tr><tr><td>\n<p><span class=\"post-content__span\"> Johrladis Sanclemente Machado<\/p>\n<\/td><td>\n<p><span class=\"post-content__span\"> Ingenier\u00eda Industrial<\/p>\n<\/td><\/tr><tr><td>\n<p><span class=\"post-content__span\"> Laura Catalina Pinilla S\u00e1nchez<\/p>\n<\/td><td>\n<p><span class=\"post-content__span\"> Ingenier\u00eda Industrial<\/p>\n<\/td><\/tr><tr><td>\n<p><span class=\"post-content__span\"> Jorge Humberto Morales Aristizabal<\/p>\n<\/td><td>\n<p><span class=\"post-content__span\"> Ingenier\u00eda Industrial<\/p>\n<\/td><\/tr><tr><td>\n<p><span class=\"post-content__span\"> Wilson David Parra Oliveros<\/p>\n<\/td><td>\n<p><span class=\"post-content__span\"> Ingenier\u00eda Mec\u00e1nica<\/p>\n<\/td><\/tr><tr><td>\n<p><span class=\"post-content__span\"> David Santiago Vera Arroyave<\/p>\n<\/td><td>\n<p><span class=\"post-content__span\"> Ingenier\u00eda Industrial<\/p>\n<\/td><\/tr><tr><td>\n<p><span class=\"post-content__span\"> Federico Guti\u00e9rrez Madrid<\/p>\n<\/td><td>\n<p><span class=\"post-content__span\"> Ingenier\u00eda Mec\u00e1nica<\/p>\n<\/td><\/tr><tr><td>\n<p><span class=\"post-content__span\"> Johan Sebasti\u00e1n Cruz<\/p>\n<\/td><td>\n<p><span class=\"post-content__span\"> Ingenier\u00eda Industrial<\/p>\n<\/td><\/tr><tr><td>\n<p><span class=\"post-content__span\"> Angie Tatiana Mar\u00edn Urueta<\/p>\n<\/td><td>\n<p><span class=\"post-content__span\"> Ingenier\u00eda Industrial<\/p>\n<\/td><\/tr><\/tbody><\/table><\/figure>\n","protected":false},"excerpt":{"rendered":"<p>UTP l\u00edder en programa Pilos por el Mundo De 40 becas a nivel nacional para el programa Pilos por el [&hellip;]<\/p>\n","protected":false},"author":0,"featured_media":60136,"comment_status":"closed","ping_status":"closed","sticky":false,"template":"","format":"standard","meta":{"footnotes":""},"categories":[3],"tags":[],"class_list":["post-2941","post","type-post","status-publish","format-standard","has-post-thumbnail","hentry","category-noticias"],"_links":{"self":[{"href":"https:\/\/vicerrectorias.utp.edu.co\/responsabilidad-social\/wp-json\/wp\/v2\/posts\/2941","targetHints":{"allow":["GET"]}}],"collection":[{"href":"https:\/\/vicerrectorias.utp.edu.co\/responsabilidad-social\/wp-json\/wp\/v2\/posts"}],"about":[{"href":"https:\/\/vicerrectorias.utp.edu.co\/responsabilidad-social\/wp-json\/wp\/v2\/types\/post"}],"replies":[{"embeddable":true,"href":"https:\/\/vicerrectorias.utp.edu.co\/responsabilidad-social\/wp-json\/wp\/v2\/comments?post=2941"}],"version-history":[{"count":1,"href":"https:\/\/vicerrectorias.utp.edu.co\/responsabilidad-social\/wp-json\/wp\/v2\/posts\/2941\/revisions"}],"predecessor-version":[{"id":9340,"href":"https:\/\/vicerrectorias.utp.edu.co\/responsabilidad-social\/wp-json\/wp\/v2\/posts\/2941\/revisions\/9340"}],"wp:featuredmedia":[{"embeddable":true,"href":"https:\/\/vicerrectorias.utp.edu.co\/responsabilidad-social\/wp-json\/wp\/v2\/media\/60136"}],"wp:attachment":[{"href":"https:\/\/vicerrectorias.utp.edu.co\/responsabilidad-social\/wp-json\/wp\/v2\/media?parent=2941"}],"wp:term":[{"taxonomy":"category","embeddable":true,"href":"https:\/\/vicerrectorias.utp.edu.co\/responsabilidad-social\/wp-json\/wp\/v2\/categories?post=2941"},{"taxonomy":"post_tag","embeddable":true,"href":"https:\/\/vicerrectorias.utp.edu.co\/responsabilidad-social\/wp-json\/wp\/v2\/tags?post=2941"}],"curies":[{"name":"wp","href":"https:\/\/api.w.org\/{rel}","templated":true}]}}