{"id":2901,"date":"2017-02-07T08:35:08","date_gmt":"2017-02-07T07:35:08","guid":{"rendered":""},"modified":"2024-08-15T15:52:51","modified_gmt":"2024-08-15T13:52:51","slug":"utp-va-muy-bien","status":"publish","type":"post","link":"https:\/\/vicerrectorias.utp.edu.co\/responsabilidad-social\/utp-va-muy-bien\/","title":{"rendered":"\u201cUTP va muy bien\u201d"},"content":{"rendered":"\n<p><span class=\"post-content__span\"> \u201cUTP va muy bien\u201d: consejeros avalan resultados del Plan de Desarrollo Institucional durante 2016<\/p>\n\n\n\n<p><span class=\"post-content__span\"> <em><img decoding=\"async\" alt=\"\u201cUTP va muy bien\u201d: consejeros avalan resultados del Plan de Desarrollo Institucional durante 2016\" src=\"https:\/\/comunicaciones.utp.edu.co\/wp-content\/uploads\/sites\/2\/6-de-febrero.jpg\">Reconocimiento en distintos ranking, crecimiento en infraestructura, aumento en matr\u00edcula, reducci\u00f3n en deserci\u00f3n; beneficios y becas para estudiantes los hechos destacados.<\/em><\/p>\n\n\n\n<p><span class=\"post-content__span\"> <strong>.<\/strong><strong>&nbsp;<\/strong>El impulso que muestra hoy la Universidad Tecnol\u00f3gica de Pereira, es incre\u00edble, \u2018vamos volando\u2019, dijo el consejero Juan Guillermo \u00c1ngel Mej\u00eda, al destacar la tarea realizada por la actual administraci\u00f3n del rector, Luis Fernando Gaviria y todo su equipo de trabajo durante el 2016, hecho que se refleja en los resultados presentados en el Plan de Desarrollo Institucional en dicha vigencia a cargo del ingeniero Francisco Uribe G\u00f3mez, Jefe de la Oficina de Planeaci\u00f3n.<\/p>\n\n\n\n<p><span class=\"post-content__span\"> \u201cLo que se est\u00e1 haciendo es motivo de orgullo, ha aumentado la matr\u00edcula, ha bajado la deserci\u00f3n, la gesti\u00f3n de recursos, los proyectos en plata f\u00edsica son muy importantes y el posicionamiento de la Universidad a nivel nacional es muy destacado\u201d, indic\u00f3 \u00c1ngel Mej\u00eda, palabras a las que se sumaron otros integrantes del Consejo Superior, durante la primera reuni\u00f3n del 2017.<\/p>\n\n\n\n<p><span class=\"post-content__span\"> As\u00ed de acuerdo con los resultados consolidados en&nbsp;los siete objetivos que integran el PDI 2009-2019: \u201cDesarrollo Institucional; Cobertura con Calidad; Bienestar Institucional; Investigaci\u00f3n, Innovaci\u00f3n y Extensi\u00f3n; Internacionalizaci\u00f3n,&nbsp; Impacto Regional y Alianzas Estrat\u00e9gicas\u201d,&nbsp;&nbsp;en sus tres niveles cerraron por encima del 90%: A nivel de Objetivos lleg\u00f3 al 90.67%; de Componentes al 95,23% y por Proyectos al 96,72%, es de resaltar que el resultado de proyectos es la m\u00e1s alta que ha tenido el Plan de Desarrollo en todo su ejecuci\u00f3n.<\/p>\n\n\n\n<p><span class=\"post-content__span\"> <strong>ALGUNOS HECHOS DESTACOS<\/strong><\/p>\n\n\n\n<p><span class=\"post-content__span\"> Durante la presentaci\u00f3n del informe por parte del jefe de la Oficina de Planeaci\u00f3n, Francisco A. Uribe G\u00f3mez, inici\u00f3 con el posicionamiento de la UTP en distintos ranking entre ellos el m\u00e1s reciente Green Metric, que mide la importancia que las universidades alrededor del mundo le otorgan a los temas ambientales, all\u00ed la Tecnol\u00f3gica de Pereira se ubic\u00f3 como segunda entre las universidades p\u00fablicas del pa\u00eds y en el puesto 177 en el mundo (191 2015). El ranking U-Sapiens que analiza indicadores de investigaci\u00f3n, la posiciona en el lugar 12 entre 94 estudiadas en Colombia; en el Scimago, evaluaci\u00f3n que valora las universidades del mundo en materia de investigaci\u00f3n, innovaci\u00f3n, visibilidad en la web, qued\u00f3 en la posici\u00f3n 10 en Colombia y 168 en Am\u00e9rica Latina.<\/p>\n\n\n\n<p><span class=\"post-content__span\"> Igualmente en Transparencia por Colombia se ubic\u00f3 dentro del riesgo medio con 66,7, ocupando el sexto lugar en educaci\u00f3n superior; adem\u00e1s de otros reconocimientos, se tiene la reciente distinci\u00f3n que recibi\u00f3 el Laboratorio Financiero y Punto BVC de la UTP, con la tercera posici\u00f3n del pa\u00eds (7\u00b0 lugar 2015).<\/p>\n\n\n\n<p><span class=\"post-content__span\"> <strong>Infraestructura<\/strong><\/p>\n\n\n\n<p><span class=\"post-content__span\"> Hoy el campus que tiene en total 505.214 metros cuadrados, cuenta con un \u00e1rea construida de 71.960.56 metros cuadrados y est\u00e1n en plana construcci\u00f3n otros 9.292 metros cuadrados; todo esto para cumplir con la demanda existente ante el incremento en la matr\u00edcula.<\/p>\n\n\n\n<p><span class=\"post-content__span\"> As\u00ed se contar\u00e1n con 59 aulas de clase adicionales entre ellas aulas alternas en La Julita y el Edificio de Formaci\u00f3n Avanzada que est\u00e1 pr\u00f3ximo a ser entregados y puestos en operaci\u00f3n, estas se unen a las 282 aulas existentes; otras 36 aulas de computo; 5 auditorios y 3 salas m\u00faltiples adicionales y otros 7 laboratorios y talleres que llegar\u00e1n a reforzar los existentes.<\/p>\n\n\n\n<p><span class=\"post-content__span\"> Se presentaron las obras ejecutadas y entregadas durante 2016, entre ellas el Auditorio de Bellas Artes, las&nbsp;canchas m\u00faltiples, aula m\u00e1xima de la Facultad de Ciencias de la Salud, m\u00f3dulo en sistema liviano (parque ABCiencia), m\u00f3dulos de venta cuya segunda fase est\u00e1n en proceso de entrega; adecuaciones y mejoramientos en diferentes facultades. Por su parte, los dise\u00f1os de proyectos como los laboratorios en guadua, el puente en guadua, edificio de ingenier\u00eda, Centro de Investigaci\u00f3n y Salud de Risaralda entre otros. En su conjunto se suman 25 proyectos.<\/p>\n\n\n\n<p><span class=\"post-content__span\"> Tambi\u00e9n en&nbsp;<strong>Desarrollo Institucional<\/strong>&nbsp;se destacaron otros hechos como la ampliaci\u00f3n del sistema inal\u00e1mbrico en el edificio de La Julita, lo que garantiza la conectividad; la reposici\u00f3n y actualizaci\u00f3n de equipos en las \u00e1reas acad\u00e9mica y administrativa. En gesti\u00f3n humana se resalt\u00f3 que 97 funcionarios del \u00e1rea administrativa durante la vigencia anterior pasaron de temporarios a contrataci\u00f3n transitoria, lo que genera estabilidad.<\/p>\n\n\n\n<p><span class=\"post-content__span\"> Se hizo \u00e9nfasis en la gesti\u00f3n y aprobaci\u00f3n de recursos desde distintas fuentes de financiaci\u00f3n, como los recursos CREE, aprobados para el plan de fomento de la vigencia 2016 por $7.086 millones 764 mil 816;&nbsp; aprobaci\u00f3n por parte de Findeter de&nbsp;8.790 millones 34 mil 424 pesos&nbsp;para infraestructura y $694 millones 406 mil 874 para investigaciones y otros 2 mil millones de pesos otorgados por Coldeportes para escenarios deportivos.<\/p>\n\n\n\n<p><span class=\"post-content__span\"> <strong>Matr\u00edcula:&nbsp;<\/strong>En 2016 se dieron importantes resultados en incremento de matr\u00edcula tanto en pregrado como en posgrado, con 18.267 alumnos; 2.263 en posgrado al cierre del segundo semestre; pero m\u00e1s destacado a\u00fan el hecho que se entregaron al mercado laboral y a la sociedad m\u00e1s de 3005 profesionales.<\/p>\n\n\n\n<p><span class=\"post-content__span\"> Se resalta adem\u00e1s la reducci\u00f3n de la deserci\u00f3n, ya que para la segunda cohorte de 2016, esta fue del 10,48% en la UTP, frente al 12,36% que presentan las instituciones de educaci\u00f3n superior oficinales en Colombia. En este aspecto se destacaron los distintos programas emprendidos a trav\u00e9s de las vicerrector\u00edas Acad\u00e9mica y de Bienestar a fin de garantizar la permanencia y su posterior egreso exitoso.<\/p>\n\n\n\n<p><span class=\"post-content__span\"> Otro hecho sin duda trascendental es el nacimiento de la Facultad en Ciencias Agrarias y Agroindustria que cuenta con dos pregrados Ingenier\u00eda en Procesos Sostenibles de las Maderas e Ingenier\u00eda en Procesos Agroindustriales.<\/p>\n\n\n\n<p><span class=\"post-content__span\"> <strong>Apoyos a estudiantes<\/strong><\/p>\n\n\n\n<p><span class=\"post-content__span\"> 12.304 apoyos como beneficios a estudiantes representados en bonos escolares, becas talento, bono alimenticio, bono matr\u00edcula, bono transporte, monitoria social, plan padrino, Risaralda Profesional, Todos a la U y Becas&nbsp; pa\u2019 Pepas se entregaron en 2016 y&nbsp;5.550 incentivos&nbsp;de&nbsp;matr\u00edcula,permanencia&nbsp;y desempe\u00f1o, solo durante el primer semestre gracias a los recursos aportados por el DPS.<\/p>\n\n\n\n<p><span class=\"post-content__span\"> En asocio con los gobiernos nacional, regional y local se concretaron varios programas: Universidad para la Paz plan piloto&nbsp;que beneficia a 140 j\u00f3venes de los municipios del occidente del departamento, el cual se realiza en asocio con el Ministerio de Educaci\u00f3n Nacional y la Gobernaci\u00f3n de Risaralda.<\/p>\n\n\n\n<p><span class=\"post-content__span\"> Becas pa\u2019 Pepas, en alianza con la Alcald\u00eda de Pereira a trav\u00e9s de la Secretar\u00eda de Educaci\u00f3n Municipal se aprobaron 1000 cupos; as\u00ed mismo con el Municipio de Pereira 74 j\u00f3venes iniciaron los procesos de formaci\u00f3n superior en Tecnolog\u00eda Industrial e Ingenier\u00eda de Sistemas en la Universidad de Cuba, todos ellos facilitan el acceso a la educaci\u00f3n superior a j\u00f3venes de los estratos 1, 2 y 3, que representan el 80% de la poblaci\u00f3n estudiantil de la UTP.<\/p>\n\n\n\n<p><span class=\"post-content__span\"> <strong>Pilos por el mundo:&nbsp;<\/strong>Para la Universidad Tecnol\u00f3gica de Pereira, es sin duda un hecho de real connotaci\u00f3n, que 15 estudiantes participan en el programa Pilos por el Mundo, un programa entre los gobiernos de Colombia y Francia a trav\u00e9s del cual se ofrec\u00edan 40 becas de movilidad a estudiantes de pregrado de universidades acreditadas p\u00fablicas en nuestro pa\u00eds y obtuviera 15 de ellas, en la primera vuelta 7 y en la segunda 8.<\/p>\n\n\n\n<p><span class=\"post-content__span\"> <strong>Acompa\u00f1amiento:&nbsp;<\/strong>Este a\u00f1o se adelant\u00f3 el acompa\u00f1amiento en formulaci\u00f3n y socializaci\u00f3n del Plan de Desarrollo Municipal 2016-2019&nbsp; \u201cPereira Capital del Eje\u201d; en el proceso de selecci\u00f3n del &nbsp;Curador Urbano 1 y Curador Urbano 2 de Pereira y a la Universidad del Choc\u00f3, en los diferentes procesos para alcanzar la acreditaci\u00f3n de alta calidad.<\/p>\n\n\n\n<p><span class=\"post-content__span\"> <strong>Circulo Virtuoso:<\/strong>&nbsp;En alianza con la Secretar\u00eda de Educaci\u00f3n Municipal, en 2016 se avanz\u00f3 en el programa de C\u00edrculo Virtuoso que permiti\u00f3 la atenci\u00f3n psicosocial a 881 ni\u00f1os, 506 familias y 6 docentes; en Modelo Biling\u00fce Secuencial se intervinieron 1.508 ni\u00f1os, 51 docentes; en Rob\u00f3tica 720 ni\u00f1os intervenidos; en Emprendimiento 60 estudiantes se beneficiaron y en el \u00e1rea de Salud 580 ni\u00f1os atendieron en valoraci\u00f3n, seguimiento e intervenci\u00f3n.<\/p>\n\n\n\n<p><span class=\"post-content__span\"> As\u00ed mismo el convenio con el municipio de Pereira en el marco de la Red de Nodos de Innovaci\u00f3n, Ciencia y Tecnolog\u00eda y Fortalecimiento del CIDT, como Nodo Central.<\/p>\n\n\n\n<p><span class=\"post-content__span\"> <span>S\u00ed usted quiere conocer en detalle el informe completo del PDI puede acceder a trav\u00e9s de link:&nbsp;<\/span><a rel=\"nofollow noopener noreferrer\" href=\"https:\/\/www.utp.edu.co\/pdi\/noticias\/informe-de-gestion-2016-csu.html\" target=\"_blank\">https:\/\/www.utp.edu.co\/pdi\/noticias\/informe-de-gestion-2016-csu.html<\/a><\/p>\n","protected":false},"excerpt":{"rendered":"<p>\u201cUTP va muy bien\u201d: consejeros avalan resultados del Plan de Desarrollo Institucional durante 2016 Reconocimiento en distintos ranking, crecimiento en [&hellip;]<\/p>\n","protected":false},"author":0,"featured_media":60132,"comment_status":"closed","ping_status":"closed","sticky":false,"template":"","format":"standard","meta":{"footnotes":""},"categories":[3],"tags":[],"class_list":["post-2901","post","type-post","status-publish","format-standard","has-post-thumbnail","hentry","category-noticias"],"_links":{"self":[{"href":"https:\/\/vicerrectorias.utp.edu.co\/responsabilidad-social\/wp-json\/wp\/v2\/posts\/2901","targetHints":{"allow":["GET"]}}],"collection":[{"href":"https:\/\/vicerrectorias.utp.edu.co\/responsabilidad-social\/wp-json\/wp\/v2\/posts"}],"about":[{"href":"https:\/\/vicerrectorias.utp.edu.co\/responsabilidad-social\/wp-json\/wp\/v2\/types\/post"}],"replies":[{"embeddable":true,"href":"https:\/\/vicerrectorias.utp.edu.co\/responsabilidad-social\/wp-json\/wp\/v2\/comments?post=2901"}],"version-history":[{"count":1,"href":"https:\/\/vicerrectorias.utp.edu.co\/responsabilidad-social\/wp-json\/wp\/v2\/posts\/2901\/revisions"}],"predecessor-version":[{"id":9343,"href":"https:\/\/vicerrectorias.utp.edu.co\/responsabilidad-social\/wp-json\/wp\/v2\/posts\/2901\/revisions\/9343"}],"wp:featuredmedia":[{"embeddable":true,"href":"https:\/\/vicerrectorias.utp.edu.co\/responsabilidad-social\/wp-json\/wp\/v2\/media\/60132"}],"wp:attachment":[{"href":"https:\/\/vicerrectorias.utp.edu.co\/responsabilidad-social\/wp-json\/wp\/v2\/media?parent=2901"}],"wp:term":[{"taxonomy":"category","embeddable":true,"href":"https:\/\/vicerrectorias.utp.edu.co\/responsabilidad-social\/wp-json\/wp\/v2\/categories?post=2901"},{"taxonomy":"post_tag","embeddable":true,"href":"https:\/\/vicerrectorias.utp.edu.co\/responsabilidad-social\/wp-json\/wp\/v2\/tags?post=2901"}],"curies":[{"name":"wp","href":"https:\/\/api.w.org\/{rel}","templated":true}]}}