{"id":2891,"date":"2017-02-06T08:55:30","date_gmt":"2017-02-06T07:55:30","guid":{"rendered":""},"modified":"2024-08-15T15:52:51","modified_gmt":"2024-08-15T13:52:51","slug":"orquesta-sinfonica-utp-y-alkilados-descrestan","status":"publish","type":"post","link":"https:\/\/vicerrectorias.utp.edu.co\/responsabilidad-social\/orquesta-sinfonica-utp-y-alkilados-descrestan\/","title":{"rendered":"Orquesta sinf\u00f3nica UTP y Alkilados descrestan"},"content":{"rendered":"\n<p><span class=\"post-content__span\"> Orquesta sinf\u00f3nica UTP y Alkilados descrestan en inauguraci\u00f3n de Centro de Conveciones<\/p>\n\n\n\n<figure class=\"wp-block-image\"><img decoding=\"async\" src=\"https:\/\/vicerrectorias.utp.edu.co\/responsabilidad-social\/wp-content\/uploads\/sites\/12\/123.jpg\" alt=\"\"\/><\/figure>\n\n\n\n<figure class=\"wp-block-image\"><img decoding=\"async\" src=\"https:\/\/vicerrectorias.utp.edu.co\/responsabilidad-social\/wp-content\/uploads\/sites\/12\/513A3125%20%282%29.jpg\" alt=\"\"\/><\/figure>\n\n\n\n<p><span class=\"post-content__span\"> La Orquesta sinf\u00f3nica de la Universidad Tecnol\u00f3gica de Pereira y el grupo Alkilados descrestaron a los asistentes que engalanaron la inauguraci\u00f3n del Centro de Convenciones de Expofuturo.<\/p>\n\n\n\n<p><span class=\"post-content__span\"> Un juego de luces excepcional propio de los grandes eventos de Europa y un escenario que se estrenaba por primera vez, recibieron a estos dos grandes exponentes de la m\u00fasica en su g\u00e9nero, Alkilado en el g\u00e9nero Pop y la UTP en el sinf\u00f3nico, que unidos amenizaron el surgimiento de uno de los m\u00e1s prometedores proyectos de la C\u00e1mara de Comercio de Pereira en el 2017.<\/p>\n\n\n\n<p><span class=\"post-content__span\"> Es as\u00ed como la orquesta sinf\u00f3nica UTP, dirigida por el maestro Leopoldo L\u00f3pez Gonz\u00e1lez no solo brill\u00f3 por su talento, sino tambi\u00e9n por su flexibilidad, al lograr hacer una fusi\u00f3n fresca y moderna acoplada al g\u00e9nero Pop.<\/p>\n\n\n\n<p><span class=\"post-content__span\"> En dicho evento, particip\u00f3 el rector de la Universidad Tecnol\u00f3gica de Pereira, Luis Fernando Gaviria Trujillo acompa\u00f1ado de su esposa y dem\u00e1s invitados de lujo, como el presidente de la Rep\u00fablica, Juan Manuel Santos Calder\u00f3n; el expresidente, Cesar Gaviria Trujillo; el Gobernador de Risaralda, Sigifredo Salazar y el Alcalde de Pereira, Juan Pablo Gallo Maya, entre otros.<\/p>\n\n\n\n<p><span class=\"post-content__span\"> Con la Campa\u00f1a mi Primer Ladrillo que inici\u00f3 en el 2012, se convoc\u00f3 a las pereiranos a participar de esta importante obra que busca jalonar el desarrollo tur\u00edstico, log\u00edstico, empresarial y econ\u00f3mico de la Regi\u00f3n; inagur\u00e1ndola 4 a\u00f1os despu\u00e9s con lo que llamar\u00eda, Mauricio Vega Lemus presidente de la CCP: la priemra gesta c\u00edvica del siglo XXI.<\/p>\n","protected":false},"excerpt":{"rendered":"<p>Orquesta sinf\u00f3nica UTP y Alkilados descrestan en inauguraci\u00f3n de Centro de Conveciones La Orquesta sinf\u00f3nica de la Universidad Tecnol\u00f3gica de [&hellip;]<\/p>\n","protected":false},"author":0,"featured_media":60131,"comment_status":"closed","ping_status":"closed","sticky":false,"template":"","format":"standard","meta":{"footnotes":""},"categories":[3],"tags":[],"class_list":["post-2891","post","type-post","status-publish","format-standard","has-post-thumbnail","hentry","category-noticias"],"_links":{"self":[{"href":"https:\/\/vicerrectorias.utp.edu.co\/responsabilidad-social\/wp-json\/wp\/v2\/posts\/2891","targetHints":{"allow":["GET"]}}],"collection":[{"href":"https:\/\/vicerrectorias.utp.edu.co\/responsabilidad-social\/wp-json\/wp\/v2\/posts"}],"about":[{"href":"https:\/\/vicerrectorias.utp.edu.co\/responsabilidad-social\/wp-json\/wp\/v2\/types\/post"}],"replies":[{"embeddable":true,"href":"https:\/\/vicerrectorias.utp.edu.co\/responsabilidad-social\/wp-json\/wp\/v2\/comments?post=2891"}],"version-history":[{"count":1,"href":"https:\/\/vicerrectorias.utp.edu.co\/responsabilidad-social\/wp-json\/wp\/v2\/posts\/2891\/revisions"}],"predecessor-version":[{"id":9344,"href":"https:\/\/vicerrectorias.utp.edu.co\/responsabilidad-social\/wp-json\/wp\/v2\/posts\/2891\/revisions\/9344"}],"wp:featuredmedia":[{"embeddable":true,"href":"https:\/\/vicerrectorias.utp.edu.co\/responsabilidad-social\/wp-json\/wp\/v2\/media\/60131"}],"wp:attachment":[{"href":"https:\/\/vicerrectorias.utp.edu.co\/responsabilidad-social\/wp-json\/wp\/v2\/media?parent=2891"}],"wp:term":[{"taxonomy":"category","embeddable":true,"href":"https:\/\/vicerrectorias.utp.edu.co\/responsabilidad-social\/wp-json\/wp\/v2\/categories?post=2891"},{"taxonomy":"post_tag","embeddable":true,"href":"https:\/\/vicerrectorias.utp.edu.co\/responsabilidad-social\/wp-json\/wp\/v2\/tags?post=2891"}],"curies":[{"name":"wp","href":"https:\/\/api.w.org\/{rel}","templated":true}]}}