{"id":2871,"date":"2017-02-01T08:27:12","date_gmt":"2017-02-01T07:27:12","guid":{"rendered":""},"modified":"2024-08-20T10:43:25","modified_gmt":"2024-08-20T08:43:25","slug":"nuevos-egresados-utp-2017-1","status":"publish","type":"post","link":"https:\/\/vicerrectorias.utp.edu.co\/responsabilidad-social\/nuevos-egresados-utp-2017-1\/","title":{"rendered":"Nuevos egresados UTP 2017-1"},"content":{"rendered":"\n<p><span class=\"post-content__span\"> <img decoding=\"async\" src=\"https:\/\/comunicaciones.utp.edu.co\/wp-content\/uploads\/sites\/2\/grados-30-de-enero.jpg\" alt=\"Nuevos egresados UTP\"><\/p>\n\n\n\n<p><span class=\"post-content__span\"> <span>En 4 ceremonias de grado realizadas en al auditorio Jorge Roa Mart\u00ednez, un total de 442 estudiantes recibieron t\u00edtulo de grado que los acredita como egresados UTP, diplomas de t\u00e9cnicos, profesionales, especialistas y mag\u00edsteres entregaron las directivas institucionales a quienes finalizaron su proceso acad\u00e9mico.<\/span><\/p>\n","protected":false},"excerpt":{"rendered":"<p>En 4 ceremonias de grado realizadas en al auditorio Jorge Roa Mart\u00ednez, un total de 442 estudiantes recibieron t\u00edtulo de [&hellip;]<\/p>\n","protected":false},"author":0,"featured_media":60129,"comment_status":"closed","ping_status":"closed","sticky":false,"template":"","format":"standard","meta":{"footnotes":""},"categories":[3],"tags":[],"class_list":["post-2871","post","type-post","status-publish","format-standard","has-post-thumbnail","hentry","category-noticias"],"_links":{"self":[{"href":"https:\/\/vicerrectorias.utp.edu.co\/responsabilidad-social\/wp-json\/wp\/v2\/posts\/2871","targetHints":{"allow":["GET"]}}],"collection":[{"href":"https:\/\/vicerrectorias.utp.edu.co\/responsabilidad-social\/wp-json\/wp\/v2\/posts"}],"about":[{"href":"https:\/\/vicerrectorias.utp.edu.co\/responsabilidad-social\/wp-json\/wp\/v2\/types\/post"}],"replies":[{"embeddable":true,"href":"https:\/\/vicerrectorias.utp.edu.co\/responsabilidad-social\/wp-json\/wp\/v2\/comments?post=2871"}],"version-history":[{"count":2,"href":"https:\/\/vicerrectorias.utp.edu.co\/responsabilidad-social\/wp-json\/wp\/v2\/posts\/2871\/revisions"}],"predecessor-version":[{"id":61212,"href":"https:\/\/vicerrectorias.utp.edu.co\/responsabilidad-social\/wp-json\/wp\/v2\/posts\/2871\/revisions\/61212"}],"wp:featuredmedia":[{"embeddable":true,"href":"https:\/\/vicerrectorias.utp.edu.co\/responsabilidad-social\/wp-json\/wp\/v2\/media\/60129"}],"wp:attachment":[{"href":"https:\/\/vicerrectorias.utp.edu.co\/responsabilidad-social\/wp-json\/wp\/v2\/media?parent=2871"}],"wp:term":[{"taxonomy":"category","embeddable":true,"href":"https:\/\/vicerrectorias.utp.edu.co\/responsabilidad-social\/wp-json\/wp\/v2\/categories?post=2871"},{"taxonomy":"post_tag","embeddable":true,"href":"https:\/\/vicerrectorias.utp.edu.co\/responsabilidad-social\/wp-json\/wp\/v2\/tags?post=2871"}],"curies":[{"name":"wp","href":"https:\/\/api.w.org\/{rel}","templated":true}]}}