{"id":2861,"date":"2017-01-27T15:47:38","date_gmt":"2017-01-27T14:47:38","guid":{"rendered":""},"modified":"2024-08-15T15:52:51","modified_gmt":"2024-08-15T13:52:51","slug":"bienvenidos-padres-de-familia-y-acudientes-a-la-ut","status":"publish","type":"post","link":"https:\/\/vicerrectorias.utp.edu.co\/responsabilidad-social\/bienvenidos-padres-de-familia-y-acudientes-a-la-ut\/","title":{"rendered":"Bienvenidos padres de familia y acudientes a la UT"},"content":{"rendered":"\n<p><span class=\"post-content__span\"> <a rel=\"nofollow noopener noreferrer\" href=\"https:\/\/comunicaciones.utp.edu.co\/noticias\/33525\/bienvenidos-padres-de-familia-y-acudientes-a-la-utp\" target=\"_blank\">Bienvenidos padres de familia y acudientes a la UTP<\/a><\/p>\n\n\n\n<p><span class=\"post-content__span\"> Hoy se realizar\u00e1 en la UTP la bienvenida a los padres de familia y acudientes de los estudiantes&nbsp; que ingresan a la Universidad. El auditorio Jorge Roa Mart\u00ednez ser\u00e1 el lugar donde a las 4:30 p.m. tendr\u00e1n cita, el cuerpo directivo institucional encabezado por el rector, Luis Fernando Gaviria Trujillo y los responsables de los nuevos tecnol\u00f3gicos. Conozca la tarjeta de invitaci\u00f3n.<\/p>\n\n\n\n<figure class=\"wp-block-image\"><img decoding=\"async\" src=\"https:\/\/comunicaciones.utp.edu.co\/wp-content\/uploads\/sites\/2\/27-enero-padres-de-familia.jpg\" alt=\"\"\/><\/figure>\n","protected":false},"excerpt":{"rendered":"<p>Bienvenidos padres de familia y acudientes a la UTP Hoy se realizar\u00e1 en la UTP la bienvenida a los padres [&hellip;]<\/p>\n","protected":false},"author":0,"featured_media":60128,"comment_status":"closed","ping_status":"closed","sticky":false,"template":"","format":"standard","meta":{"footnotes":""},"categories":[3],"tags":[],"class_list":["post-2861","post","type-post","status-publish","format-standard","has-post-thumbnail","hentry","category-noticias"],"_links":{"self":[{"href":"https:\/\/vicerrectorias.utp.edu.co\/responsabilidad-social\/wp-json\/wp\/v2\/posts\/2861","targetHints":{"allow":["GET"]}}],"collection":[{"href":"https:\/\/vicerrectorias.utp.edu.co\/responsabilidad-social\/wp-json\/wp\/v2\/posts"}],"about":[{"href":"https:\/\/vicerrectorias.utp.edu.co\/responsabilidad-social\/wp-json\/wp\/v2\/types\/post"}],"replies":[{"embeddable":true,"href":"https:\/\/vicerrectorias.utp.edu.co\/responsabilidad-social\/wp-json\/wp\/v2\/comments?post=2861"}],"version-history":[{"count":1,"href":"https:\/\/vicerrectorias.utp.edu.co\/responsabilidad-social\/wp-json\/wp\/v2\/posts\/2861\/revisions"}],"predecessor-version":[{"id":9347,"href":"https:\/\/vicerrectorias.utp.edu.co\/responsabilidad-social\/wp-json\/wp\/v2\/posts\/2861\/revisions\/9347"}],"wp:featuredmedia":[{"embeddable":true,"href":"https:\/\/vicerrectorias.utp.edu.co\/responsabilidad-social\/wp-json\/wp\/v2\/media\/60128"}],"wp:attachment":[{"href":"https:\/\/vicerrectorias.utp.edu.co\/responsabilidad-social\/wp-json\/wp\/v2\/media?parent=2861"}],"wp:term":[{"taxonomy":"category","embeddable":true,"href":"https:\/\/vicerrectorias.utp.edu.co\/responsabilidad-social\/wp-json\/wp\/v2\/categories?post=2861"},{"taxonomy":"post_tag","embeddable":true,"href":"https:\/\/vicerrectorias.utp.edu.co\/responsabilidad-social\/wp-json\/wp\/v2\/tags?post=2861"}],"curies":[{"name":"wp","href":"https:\/\/api.w.org\/{rel}","templated":true}]}}