{"id":2791,"date":"2016-11-25T11:14:50","date_gmt":"2016-11-25T10:14:50","guid":{"rendered":""},"modified":"2024-08-20T15:32:55","modified_gmt":"2024-08-20T13:32:55","slug":"solicitud-inscripcion-de-ninos","status":"publish","type":"post","link":"https:\/\/vicerrectorias.utp.edu.co\/responsabilidad-social\/solicitud-inscripcion-de-ninos\/","title":{"rendered":"Solicitud inscripci\u00f3n de ni\u00f1os"},"content":{"rendered":"\n<p><span class=\"post-content__span\"> Solicitud inscripci\u00f3n de ni\u00f1os<\/p>\n\n\n\n<p><span class=\"post-content__span\"> <span>EL 6 de diciembre a partir de las 8:00 a.m. en las canchas sint\u00e9ticas se realizar\u00e1n las actividades deportivas dirigidas a&nbsp; toda la comunidad universitaria para lo cual solicitamos inscribir a los ni\u00f1os de sus familias para que participen en:<\/span><\/p>\n\n\n\n<p><span class=\"post-content__span\"> <span>Futbol, karate, taekwondo, tenis y tenis de mesa hasta el d\u00eda 25 de noviembre&nbsp; al correo&nbsp;<\/span><a href=\"mailto:omego@utp.edu.co\" target=\"_blank\" rel=\"noopener noreferrer\">omego@utp.edu.co<\/a><span>&nbsp; para poder organizar los equipos. La informaci\u00f3n requerida es: Nombre del empleado, nombre del ni\u00f1o, edad, disciplina a la cual se inscribe, n\u00famero de tel\u00e9fono contacto.<\/span><\/p>\n\n\n\n<figure class=\"wp-block-image size-full\"><img loading=\"lazy\" decoding=\"async\" width=\"3333\" height=\"3333\" src=\"https:\/\/vicerrectorias.utp.edu.co\/responsabilidad-social\/wp-content\/uploads\/sites\/12\/dia-de-los-ninos-2016-1.jpg\" alt=\"\" class=\"wp-image-61353\"\/><\/figure>\n","protected":false},"excerpt":{"rendered":"<p>Solicitud inscripci\u00f3n de ni\u00f1os EL 6 de diciembre a partir de las 8:00 a.m. en las canchas sint\u00e9ticas se realizar\u00e1n [&hellip;]<\/p>\n","protected":false},"author":0,"featured_media":60121,"comment_status":"closed","ping_status":"closed","sticky":false,"template":"","format":"standard","meta":{"footnotes":""},"categories":[3],"tags":[],"class_list":["post-2791","post","type-post","status-publish","format-standard","has-post-thumbnail","hentry","category-noticias"],"_links":{"self":[{"href":"https:\/\/vicerrectorias.utp.edu.co\/responsabilidad-social\/wp-json\/wp\/v2\/posts\/2791","targetHints":{"allow":["GET"]}}],"collection":[{"href":"https:\/\/vicerrectorias.utp.edu.co\/responsabilidad-social\/wp-json\/wp\/v2\/posts"}],"about":[{"href":"https:\/\/vicerrectorias.utp.edu.co\/responsabilidad-social\/wp-json\/wp\/v2\/types\/post"}],"replies":[{"embeddable":true,"href":"https:\/\/vicerrectorias.utp.edu.co\/responsabilidad-social\/wp-json\/wp\/v2\/comments?post=2791"}],"version-history":[{"count":2,"href":"https:\/\/vicerrectorias.utp.edu.co\/responsabilidad-social\/wp-json\/wp\/v2\/posts\/2791\/revisions"}],"predecessor-version":[{"id":61354,"href":"https:\/\/vicerrectorias.utp.edu.co\/responsabilidad-social\/wp-json\/wp\/v2\/posts\/2791\/revisions\/61354"}],"wp:featuredmedia":[{"embeddable":true,"href":"https:\/\/vicerrectorias.utp.edu.co\/responsabilidad-social\/wp-json\/wp\/v2\/media\/60121"}],"wp:attachment":[{"href":"https:\/\/vicerrectorias.utp.edu.co\/responsabilidad-social\/wp-json\/wp\/v2\/media?parent=2791"}],"wp:term":[{"taxonomy":"category","embeddable":true,"href":"https:\/\/vicerrectorias.utp.edu.co\/responsabilidad-social\/wp-json\/wp\/v2\/categories?post=2791"},{"taxonomy":"post_tag","embeddable":true,"href":"https:\/\/vicerrectorias.utp.edu.co\/responsabilidad-social\/wp-json\/wp\/v2\/tags?post=2791"}],"curies":[{"name":"wp","href":"https:\/\/api.w.org\/{rel}","templated":true}]}}