{"id":2781,"date":"2016-11-23T08:21:34","date_gmt":"2016-11-23T07:21:34","guid":{"rendered":""},"modified":"2024-08-15T15:52:51","modified_gmt":"2024-08-15T13:52:51","slug":"ii-unifest-2016","status":"publish","type":"post","link":"https:\/\/vicerrectorias.utp.edu.co\/responsabilidad-social\/ii-unifest-2016\/","title":{"rendered":"II Unifest 2016"},"content":{"rendered":"\n<p><span class=\"post-content__span\"> II Unifest \u00a1Donde La Diversidad Se Une Con El Respeto!<\/p>\n\n\n\n<p><span class=\"post-content__span\"> <span><img decoding=\"async\" alt=\"II Unifest \" src=\"https:\/\/comunicaciones.utp.edu.co\/wp-content\/uploads\/sites\/2\/ii-unifest.jpg\">En este 2016 llega la segunda versi\u00f3n del UNIFEST 2016. El evento se llevar\u00e1 a cabo este jueves 24 de noviembre desde las 3:00 p. m. en las canchas m\u00faltiples de Medicina (frente a las canchas sint\u00e9ticas de la UTP).<\/span><\/p>\n\n\n\n<p><span class=\"post-content__span\"> Este festival realizado por Universitaria Est\u00e9reo&nbsp; busca aportarle a la apropiaci\u00f3n de los espacios de la Universidad desde la m\u00fasica y la cultura como la excusa perfecta para despedir el segundo semestre acad\u00e9mico y disfrutar con los 11200 oyentes de nuestra emisora de bandas como:<\/p>\n\n\n\n<p><span class=\"post-content__span\"> White Noise de Manizales<\/p>\n\n\n\n<p><span class=\"post-content__span\"> Suburbia de Cali<\/p>\n\n\n\n<p><span class=\"post-content__span\"> Joe &amp; Money de Pasto<\/p>\n\n\n\n<p><span class=\"post-content__span\"> Tr3s,14 de Pereira<\/p>\n\n\n\n<p><span class=\"post-content__span\"> Wasted 2&#215;0 Pereira<\/p>\n\n\n\n<p><span class=\"post-content__span\"> Expreso Caramanti Pereira<\/p>\n\n\n\n<p><span class=\"post-content__span\"> Pap\u00e1 Boc\u00f3 Pereira<\/p>\n\n\n\n<p><span class=\"post-content__span\"> Y la agrupaci\u00f3n de punk rock Su Madre tambi\u00e9n de Pereira.<\/p>\n","protected":false},"excerpt":{"rendered":"<p>II Unifest \u00a1Donde La Diversidad Se Une Con El Respeto! En este 2016 llega la segunda versi\u00f3n del UNIFEST 2016. [&hellip;]<\/p>\n","protected":false},"author":0,"featured_media":60120,"comment_status":"closed","ping_status":"closed","sticky":false,"template":"","format":"standard","meta":{"footnotes":""},"categories":[3],"tags":[],"class_list":["post-2781","post","type-post","status-publish","format-standard","has-post-thumbnail","hentry","category-noticias"],"_links":{"self":[{"href":"https:\/\/vicerrectorias.utp.edu.co\/responsabilidad-social\/wp-json\/wp\/v2\/posts\/2781","targetHints":{"allow":["GET"]}}],"collection":[{"href":"https:\/\/vicerrectorias.utp.edu.co\/responsabilidad-social\/wp-json\/wp\/v2\/posts"}],"about":[{"href":"https:\/\/vicerrectorias.utp.edu.co\/responsabilidad-social\/wp-json\/wp\/v2\/types\/post"}],"replies":[{"embeddable":true,"href":"https:\/\/vicerrectorias.utp.edu.co\/responsabilidad-social\/wp-json\/wp\/v2\/comments?post=2781"}],"version-history":[{"count":1,"href":"https:\/\/vicerrectorias.utp.edu.co\/responsabilidad-social\/wp-json\/wp\/v2\/posts\/2781\/revisions"}],"predecessor-version":[{"id":9355,"href":"https:\/\/vicerrectorias.utp.edu.co\/responsabilidad-social\/wp-json\/wp\/v2\/posts\/2781\/revisions\/9355"}],"wp:featuredmedia":[{"embeddable":true,"href":"https:\/\/vicerrectorias.utp.edu.co\/responsabilidad-social\/wp-json\/wp\/v2\/media\/60120"}],"wp:attachment":[{"href":"https:\/\/vicerrectorias.utp.edu.co\/responsabilidad-social\/wp-json\/wp\/v2\/media?parent=2781"}],"wp:term":[{"taxonomy":"category","embeddable":true,"href":"https:\/\/vicerrectorias.utp.edu.co\/responsabilidad-social\/wp-json\/wp\/v2\/categories?post=2781"},{"taxonomy":"post_tag","embeddable":true,"href":"https:\/\/vicerrectorias.utp.edu.co\/responsabilidad-social\/wp-json\/wp\/v2\/tags?post=2781"}],"curies":[{"name":"wp","href":"https:\/\/api.w.org\/{rel}","templated":true}]}}