{"id":2771,"date":"2016-11-22T08:46:18","date_gmt":"2016-11-22T07:46:18","guid":{"rendered":""},"modified":"2024-08-16T08:10:49","modified_gmt":"2024-08-16T06:10:49","slug":"concurso-de-pesebres-dia-de-la-luz-en-la-utp","status":"publish","type":"post","link":"https:\/\/vicerrectorias.utp.edu.co\/responsabilidad-social\/concurso-de-pesebres-dia-de-la-luz-en-la-utp\/","title":{"rendered":"Concurso de Pesebres &#8211; D\u00eda de la Luz en la UTP"},"content":{"rendered":"\n<p><span class=\"post-content__span\"> Concurso de Pesebres &#8211; D\u00eda de la Luz en la UTP<\/p>\n\n\n\n<p><span class=\"post-content__span\"> <img decoding=\"async\" src=\"https:\/\/comunicaciones.utp.edu.co\/wp-content\/uploads\/sites\/2\/Dia-de-la-Luz2016.png\" alt=\"Concurso de Pesebres para el D\u00eda de la Luz en la UTP \"><\/p>\n\n\n\n<p><span class=\"post-content__span\"> La Universidad Tecnol\u00f3gica de Pereira invita a la comunidad universitaria a participar en el concurso de pesebres y a asistir en las actividades que se llevar\u00e1n a cabo \u00a0el D\u00eda de la Luz el pr\u00f3ximo martes 6 de diciembre.<\/p>\n\n\n\n<p><span class=\"post-content__span\"> Se comparten las bases del concurso, la invitaci\u00f3n y programaci\u00f3n para este d\u00eda<\/p>\n\n\n\n<figure class=\"wp-block-image\"><img decoding=\"async\" src=\"https:\/\/comunicaciones.utp.edu.co\/wp-content\/uploads\/sites\/2\/Invitacio-n-Dia-de-la-Luz-2016.jpg\" alt=\"\"\/><\/figure>\n\n\n\n<figure class=\"wp-block-image\"><img decoding=\"async\" src=\"https:\/\/comunicaciones.utp.edu.co\/wp-content\/uploads\/sites\/2\/Concurso-Pesebres-Dia-de-la-Luz-2016.jpg\" alt=\"\"\/><\/figure>\n\n\n\n<figure class=\"wp-block-image\"><img decoding=\"async\" src=\"https:\/\/comunicaciones.utp.edu.co\/wp-content\/uploads\/sites\/2\/Dia-de-la-Luz-20161.jpg\" alt=\"\"\/><\/figure>\n","protected":false},"excerpt":{"rendered":"<p>Concurso de Pesebres &#8211; D\u00eda de la Luz en la UTP La Universidad Tecnol\u00f3gica de Pereira invita a la comunidad [&hellip;]<\/p>\n","protected":false},"author":0,"featured_media":60119,"comment_status":"closed","ping_status":"closed","sticky":false,"template":"","format":"standard","meta":{"footnotes":""},"categories":[3],"tags":[],"class_list":["post-2771","post","type-post","status-publish","format-standard","has-post-thumbnail","hentry","category-noticias"],"_links":{"self":[{"href":"https:\/\/vicerrectorias.utp.edu.co\/responsabilidad-social\/wp-json\/wp\/v2\/posts\/2771","targetHints":{"allow":["GET"]}}],"collection":[{"href":"https:\/\/vicerrectorias.utp.edu.co\/responsabilidad-social\/wp-json\/wp\/v2\/posts"}],"about":[{"href":"https:\/\/vicerrectorias.utp.edu.co\/responsabilidad-social\/wp-json\/wp\/v2\/types\/post"}],"replies":[{"embeddable":true,"href":"https:\/\/vicerrectorias.utp.edu.co\/responsabilidad-social\/wp-json\/wp\/v2\/comments?post=2771"}],"version-history":[{"count":2,"href":"https:\/\/vicerrectorias.utp.edu.co\/responsabilidad-social\/wp-json\/wp\/v2\/posts\/2771\/revisions"}],"predecessor-version":[{"id":60862,"href":"https:\/\/vicerrectorias.utp.edu.co\/responsabilidad-social\/wp-json\/wp\/v2\/posts\/2771\/revisions\/60862"}],"wp:featuredmedia":[{"embeddable":true,"href":"https:\/\/vicerrectorias.utp.edu.co\/responsabilidad-social\/wp-json\/wp\/v2\/media\/60119"}],"wp:attachment":[{"href":"https:\/\/vicerrectorias.utp.edu.co\/responsabilidad-social\/wp-json\/wp\/v2\/media?parent=2771"}],"wp:term":[{"taxonomy":"category","embeddable":true,"href":"https:\/\/vicerrectorias.utp.edu.co\/responsabilidad-social\/wp-json\/wp\/v2\/categories?post=2771"},{"taxonomy":"post_tag","embeddable":true,"href":"https:\/\/vicerrectorias.utp.edu.co\/responsabilidad-social\/wp-json\/wp\/v2\/tags?post=2771"}],"curies":[{"name":"wp","href":"https:\/\/api.w.org\/{rel}","templated":true}]}}