{"id":2741,"date":"2016-11-16T10:48:09","date_gmt":"2016-11-16T09:48:09","guid":{"rendered":""},"modified":"2024-08-20T15:31:40","modified_gmt":"2024-08-20T13:31:40","slug":"solicitud-de-apoyos-socioeconomicos-2017-1","status":"publish","type":"post","link":"https:\/\/vicerrectorias.utp.edu.co\/responsabilidad-social\/solicitud-de-apoyos-socioeconomicos-2017-1\/","title":{"rendered":"Solicitud de apoyos socioecon\u00f3micos 2017-1"},"content":{"rendered":"\n<p><span class=\"post-content__span\"> Solicitud de apoyos socioecon\u00f3micos<\/p>\n\n\n\n<p><span class=\"post-content__span\"> A continuaci\u00f3n se comparte informaci\u00f3n sobre la solicitud de apoyos socioecon\u00f3micos; el Sistema estar\u00e1 habilitado \u00fanicamente del 18 al 30 de noviembre de 2016.<\/p>\n\n\n\n<p><span class=\"post-content__span\"> <strong><a href=\"https:\/\/www.utp.edu.co\/cms-utp\/data\/bin\/UTP\/web\/uploads\/media\/comunicaciones\/documentos\/DIFUSION-PROCESO-PARA-SOLICITUD-DE-APOYOS-SOCIOECONOMICOS-2017-1.pdf\" rel=\"nofollow\">Ver informaci\u00f3n.<\/a><\/strong><\/p>\n\n\n\n<figure class=\"wp-block-image\"><img decoding=\"async\" src=\"https:\/\/comunicaciones.utp.edu.co\/wp-content\/uploads\/sites\/2\/15-de-noviembre-apoyos.jpg\" alt=\"\"\/><\/figure>\n","protected":false},"excerpt":{"rendered":"<p>Solicitud de apoyos socioecon\u00f3micos A continuaci\u00f3n se comparte informaci\u00f3n sobre la solicitud de apoyos socioecon\u00f3micos; el Sistema estar\u00e1 habilitado \u00fanicamente [&hellip;]<\/p>\n","protected":false},"author":0,"featured_media":60116,"comment_status":"closed","ping_status":"closed","sticky":false,"template":"","format":"standard","meta":{"footnotes":""},"categories":[3],"tags":[],"class_list":["post-2741","post","type-post","status-publish","format-standard","has-post-thumbnail","hentry","category-noticias"],"_links":{"self":[{"href":"https:\/\/vicerrectorias.utp.edu.co\/responsabilidad-social\/wp-json\/wp\/v2\/posts\/2741","targetHints":{"allow":["GET"]}}],"collection":[{"href":"https:\/\/vicerrectorias.utp.edu.co\/responsabilidad-social\/wp-json\/wp\/v2\/posts"}],"about":[{"href":"https:\/\/vicerrectorias.utp.edu.co\/responsabilidad-social\/wp-json\/wp\/v2\/types\/post"}],"replies":[{"embeddable":true,"href":"https:\/\/vicerrectorias.utp.edu.co\/responsabilidad-social\/wp-json\/wp\/v2\/comments?post=2741"}],"version-history":[{"count":2,"href":"https:\/\/vicerrectorias.utp.edu.co\/responsabilidad-social\/wp-json\/wp\/v2\/posts\/2741\/revisions"}],"predecessor-version":[{"id":61352,"href":"https:\/\/vicerrectorias.utp.edu.co\/responsabilidad-social\/wp-json\/wp\/v2\/posts\/2741\/revisions\/61352"}],"wp:featuredmedia":[{"embeddable":true,"href":"https:\/\/vicerrectorias.utp.edu.co\/responsabilidad-social\/wp-json\/wp\/v2\/media\/60116"}],"wp:attachment":[{"href":"https:\/\/vicerrectorias.utp.edu.co\/responsabilidad-social\/wp-json\/wp\/v2\/media?parent=2741"}],"wp:term":[{"taxonomy":"category","embeddable":true,"href":"https:\/\/vicerrectorias.utp.edu.co\/responsabilidad-social\/wp-json\/wp\/v2\/categories?post=2741"},{"taxonomy":"post_tag","embeddable":true,"href":"https:\/\/vicerrectorias.utp.edu.co\/responsabilidad-social\/wp-json\/wp\/v2\/tags?post=2741"}],"curies":[{"name":"wp","href":"https:\/\/api.w.org\/{rel}","templated":true}]}}