{"id":2731,"date":"2016-11-15T10:26:59","date_gmt":"2016-11-15T09:26:59","guid":{"rendered":""},"modified":"2024-08-15T15:52:51","modified_gmt":"2024-08-15T13:52:51","slug":"xvi-juegos-deportivos-nacionales-de-sintraunicol","status":"publish","type":"post","link":"https:\/\/vicerrectorias.utp.edu.co\/responsabilidad-social\/xvi-juegos-deportivos-nacionales-de-sintraunicol\/","title":{"rendered":"XVI Juegos Deportivos Nacionales de Sintraunicol"},"content":{"rendered":"\n<p><span class=\"post-content__span\"> Del 2 al 7 de noviembre se realiz\u00f3 en la ciudad de Villavicencio la XVI versi\u00f3n de los Juegos de Sintraunicol donde la UTP particip\u00f3 con una delegaci\u00f3n de 132 deportistas llev\u00e1ndose los primeros puestos en las 15 disciplinas en las que compiti\u00f3.<\/p>\n\n\n\n<p><span class=\"post-content__span\"> Las disciplinas fueron:<\/p>\n\n\n\n<ul class=\"wp-block-list\"><li>Ajedrez&nbsp;&nbsp;&nbsp;&nbsp;&nbsp;&nbsp;&nbsp;&nbsp;&nbsp;&nbsp;<\/li><li>Atletismo (Femenino y Masculino)&nbsp;&nbsp;<\/li><li>Baloncesto (Femenino y Masculino)<\/li><li>Billar&nbsp;&nbsp;&nbsp;<\/li><li>Ciclismo<\/li><li>Domin\u00f3 &nbsp; &nbsp; &nbsp; &nbsp; &nbsp;&nbsp;<\/li><li>F\u00fatbol&nbsp;<\/li><li>F\u00fatbol Sala (Femenino y Masculino)&nbsp;&nbsp;&nbsp;&nbsp;&nbsp;&nbsp;&nbsp;&nbsp;&nbsp;&nbsp;&nbsp;<\/li><li>Minitejo (Femenino y Masculino)&nbsp;&nbsp;&nbsp;&nbsp;&nbsp;<\/li><li>Nataci\u00f3n (Femenino y Masculino)<\/li><li>Sapo (Femenino y Masculino)&nbsp;&nbsp;&nbsp;&nbsp;&nbsp;&nbsp;&nbsp;&nbsp;&nbsp;<\/li><li>Tejo&nbsp;&nbsp;&nbsp;&nbsp;<\/li><li>Tenis de Campo (Femenino y Masculino)<\/li><li>Tenis de Mesa<\/li><li>Voleibol (Femenino y Masculino)<\/li><\/ul>\n\n\n\n<p><span class=\"post-content__span\"> La participaci\u00f3n se dio gracias al apoyo mancomunado de las vicerrector\u00edas de Responsabilidad Social y Bienestar Universitario, y la Administrativa, as\u00ed como de la Rector\u00eda, los Sindicatos, &nbsp;y &nbsp;la Secretar\u00eda General, quienes creyeron en los &nbsp;deportistas de la Universidad Tecnol\u00f3gica y los respaldaron para su viaje y permanencia en este certamen deportivo.<\/p>\n\n\n\n<p><span class=\"post-content__span\"> La delegaci\u00f3n se desplaz\u00f3 el d\u00eda 1 de noviembre y tras un viaje de 12 horas llegaron a Villavicencio donde participaron de la inauguraci\u00f3n y de la programaci\u00f3n ya dispuesta por la organizaci\u00f3n; los deportistas expresaron su agrado por el apoyo recibido y sobre todo la uni\u00f3n de sus integrantes quienes compartieron en torno al deporte, destac\u00e1ndose as\u00ed como la familia UTP.<\/p>\n\n\n\n<p><span class=\"post-content__span\"> Se obtuvieron un total de 59 medallas distribuidas as\u00ed: Bronce 19, Plata 16 y Oro 24; adem\u00e1s el trofeo de oro por equipos en la rama femenina de nataci\u00f3n.<\/p>\n\n\n\n<p><span class=\"post-content__span\"> As\u00ed esta delegaci\u00f3n esperar cerrar con broche de oro la participaci\u00f3n de los selectivos docente\/administrativos en la gala de premiaci\u00f3n a los &nbsp;deportistas el jueves 7 de diciembre donde se har\u00e1 reconocimiento a los mejores en diferentes categor\u00edas.<\/p>\n\n\n\n<figure class=\"wp-block-table\"><table><tbody><tr><td>\n<p><span class=\"post-content__span\"> <strong>MEDALLER\u00cdA<\/strong><\/p>\n<\/td><td>\n<p><span class=\"post-content__span\"> <strong>&nbsp;<\/strong><\/p>\n<\/td><\/tr><tr><td>\n<p><span class=\"post-content__span\"> DEPORTE<\/p>\n<\/td><td>\n<p><span class=\"post-content__span\"> ORO<\/p>\n<\/td><td>\n<p><span class=\"post-content__span\"> PLATA<\/p>\n<\/td><td>\n<p><span class=\"post-content__span\"> BRONCE<\/p>\n<\/td><td>\n<p><span class=\"post-content__span\"> NOMBRE<\/p>\n<\/td><td>\n<p><span class=\"post-content__span\"> DEPENDENCIA<\/p>\n<\/td><\/tr><tr><td>\n<p><span class=\"post-content__span\"> Ajedrez<\/p>\n<\/td><td>\n<p><span class=\"post-content__span\"> &nbsp;<\/p>\n<\/td><td>\n<p><span class=\"post-content__span\"> &nbsp;<\/p>\n<\/td><td>\n<p><span class=\"post-content__span\"> 1<\/p>\n<\/td><td>\n<p><span class=\"post-content__span\"> Martin Zuleta<\/p>\n<\/td><td>\n<p><span class=\"post-content__span\"> Jur\u00eddica<\/p>\n<\/td><\/tr><tr><td>\n<p><span class=\"post-content__span\"> Atletismo<\/p>\n<\/td><td>\n<p><span class=\"post-content__span\"> 16<\/p>\n<\/td><td>\n<p><span class=\"post-content__span\"> 8<\/p>\n<\/td><td>\n<p><span class=\"post-content__span\"> 7<\/p>\n<\/td><td>\n<p><span class=\"post-content__span\"> Equipos Masculino y femenino<\/p>\n<\/td><td>\n<p><span class=\"post-content__span\"> &nbsp;<\/p>\n<\/td><\/tr><tr><td>\n<p><span class=\"post-content__span\"> Baloncesto<\/p>\n<\/td><td>\n<p><span class=\"post-content__span\"> &nbsp;<\/p>\n<\/td><td>\n<p><span class=\"post-content__span\"> 1<\/p>\n<\/td><td>\n<p><span class=\"post-content__span\"> &nbsp;<\/p>\n<\/td><td>\n<p><span class=\"post-content__span\"> Equipo Masculino<\/p>\n<\/td><td>\n<p><span class=\"post-content__span\"> &nbsp;<\/p>\n<\/td><\/tr><tr><td>\n<p><span class=\"post-content__span\"> Billar<\/p>\n<\/td><td>\n<p><span class=\"post-content__span\"> &nbsp;<\/p>\n<\/td><td>\n<p><span class=\"post-content__span\"> &nbsp;<\/p>\n<\/td><td>\n<p><span class=\"post-content__span\"> 1<\/p>\n<\/td><td>\n<p><span class=\"post-content__span\"> Jaime Salazar<\/p>\n<\/td><td>\n<p><span class=\"post-content__span\"> Industrial<\/p>\n<\/td><\/tr><tr><td>\n<p><span class=\"post-content__span\"> Ciclismo<\/p>\n<\/td><td>\n<p><span class=\"post-content__span\"> &nbsp;<\/p>\n<\/td><td>\n<p><span class=\"post-content__span\"> &nbsp;<\/p>\n<\/td><td>\n<p><span class=\"post-content__span\"> 1<\/p>\n<\/td><td>\n<p><span class=\"post-content__span\"> Guillermo Nieto<\/p>\n<\/td><td>\n<p><span class=\"post-content__span\"> Divisi\u00f3n de servicios<\/p>\n<\/td><\/tr><tr><td>\n<p><span class=\"post-content__span\"> Futbol sala<\/p>\n<\/td><td>\n<p><span class=\"post-content__span\"> &nbsp;<\/p>\n<\/td><td>\n<p><span class=\"post-content__span\"> &nbsp;<\/p>\n<\/td><td>\n<p><span class=\"post-content__span\"> 1<\/p>\n<\/td><td>\n<p><span class=\"post-content__span\"> Equipo Masculino<\/p>\n<\/td><td>\n<p><span class=\"post-content__span\"> &nbsp;<\/p>\n<\/td><\/tr><tr><td>\n<p><span class=\"post-content__span\"> Nataci\u00f3n<\/p>\n<\/td><td>\n<p><span class=\"post-content__span\"> 8<\/p>\n<\/td><td>\n<p><span class=\"post-content__span\"> 5<\/p>\n<\/td><td>\n<p><span class=\"post-content__span\"> 4<\/p>\n<\/td><td>\n<p><span class=\"post-content__span\"> Trofeo campe\u00f3n en la general con nataci\u00f3n en el equipo femenino<\/p>\n<\/td><td>\n<p><span class=\"post-content__span\"> &nbsp;<\/p>\n<\/td><\/tr><tr><td>\n<p><span class=\"post-content__span\"> Sapo<\/p>\n<\/td><td>\n<p><span class=\"post-content__span\"> &nbsp;<\/p>\n<\/td><td>\n<p><span class=\"post-content__span\"> &nbsp;<\/p>\n<\/td><td>\n<p><span class=\"post-content__span\"> 2<\/p>\n<\/td><td>\n<p><span class=\"post-content__span\"> Equipo Masculino y femenino<\/p>\n<\/td><td>\n<p><span class=\"post-content__span\"> &nbsp;<\/p>\n<\/td><\/tr><tr><td>\n<p><span class=\"post-content__span\"> Tenis de campo&nbsp;&nbsp;&nbsp;&nbsp;&nbsp;&nbsp;&nbsp;<\/p>\n<\/td><td>\n<p><span class=\"post-content__span\"> &nbsp;<\/p>\n<\/td><td>\n<p><span class=\"post-content__span\"> 2<\/p>\n<\/td><td>\n<p><span class=\"post-content__span\"> &nbsp;<\/p>\n<\/td><td>\n<p><span class=\"post-content__span\"> David Henao y Andr\u00e9s Felipe arias<\/p>\n<\/td><td>\n<p><span class=\"post-content__span\"> VRSYBU<\/p>\n<p><span class=\"post-content__span\"> Medicina Veterinaria y Zootecnia<\/p>\n<\/td><\/tr><tr><td>\n<p><span class=\"post-content__span\"> Voleibol<\/p>\n<\/td><td>\n<p><span class=\"post-content__span\"> &nbsp;<\/p>\n<\/td><td>\n<p><span class=\"post-content__span\"> &nbsp;<\/p>\n<\/td><td>\n<p><span class=\"post-content__span\"> 2<\/p>\n<\/td><td>\n<p><span class=\"post-content__span\"> Equipos Masculino y femenino<\/p>\n<\/td><td>\n<p><span class=\"post-content__span\"> &nbsp;<\/p>\n<\/td><\/tr><tr><td>\n<p><span class=\"post-content__span\"> Total<\/p>\n<\/td><td>\n<p><span class=\"post-content__span\"> 24<\/p>\n<\/td><td>\n<p><span class=\"post-content__span\"> 16<\/p>\n<\/td><td>\n<p><span class=\"post-content__span\"> 19<\/p>\n<\/td><td>\n<p><span class=\"post-content__span\"> &nbsp;<\/p>\n<\/td><td>\n<p><span class=\"post-content__span\"> &nbsp;<\/p>\n<\/td><\/tr><\/tbody><\/table><\/figure>\n","protected":false},"excerpt":{"rendered":"<p>Del 2 al 7 de noviembre se realiz\u00f3 en la ciudad de Villavicencio la XVI versi\u00f3n de los Juegos de [&hellip;]<\/p>\n","protected":false},"author":0,"featured_media":60115,"comment_status":"closed","ping_status":"closed","sticky":false,"template":"","format":"standard","meta":{"footnotes":""},"categories":[3],"tags":[],"class_list":["post-2731","post","type-post","status-publish","format-standard","has-post-thumbnail","hentry","category-noticias"],"_links":{"self":[{"href":"https:\/\/vicerrectorias.utp.edu.co\/responsabilidad-social\/wp-json\/wp\/v2\/posts\/2731","targetHints":{"allow":["GET"]}}],"collection":[{"href":"https:\/\/vicerrectorias.utp.edu.co\/responsabilidad-social\/wp-json\/wp\/v2\/posts"}],"about":[{"href":"https:\/\/vicerrectorias.utp.edu.co\/responsabilidad-social\/wp-json\/wp\/v2\/types\/post"}],"replies":[{"embeddable":true,"href":"https:\/\/vicerrectorias.utp.edu.co\/responsabilidad-social\/wp-json\/wp\/v2\/comments?post=2731"}],"version-history":[{"count":1,"href":"https:\/\/vicerrectorias.utp.edu.co\/responsabilidad-social\/wp-json\/wp\/v2\/posts\/2731\/revisions"}],"predecessor-version":[{"id":9360,"href":"https:\/\/vicerrectorias.utp.edu.co\/responsabilidad-social\/wp-json\/wp\/v2\/posts\/2731\/revisions\/9360"}],"wp:featuredmedia":[{"embeddable":true,"href":"https:\/\/vicerrectorias.utp.edu.co\/responsabilidad-social\/wp-json\/wp\/v2\/media\/60115"}],"wp:attachment":[{"href":"https:\/\/vicerrectorias.utp.edu.co\/responsabilidad-social\/wp-json\/wp\/v2\/media?parent=2731"}],"wp:term":[{"taxonomy":"category","embeddable":true,"href":"https:\/\/vicerrectorias.utp.edu.co\/responsabilidad-social\/wp-json\/wp\/v2\/categories?post=2731"},{"taxonomy":"post_tag","embeddable":true,"href":"https:\/\/vicerrectorias.utp.edu.co\/responsabilidad-social\/wp-json\/wp\/v2\/tags?post=2731"}],"curies":[{"name":"wp","href":"https:\/\/api.w.org\/{rel}","templated":true}]}}