{"id":2691,"date":"2016-11-04T08:43:23","date_gmt":"2016-11-04T07:43:23","guid":{"rendered":""},"modified":"2024-08-15T15:52:52","modified_gmt":"2024-08-15T13:52:52","slug":"hoy-viernes-rectores-del-pais-en-la-utp","status":"publish","type":"post","link":"https:\/\/vicerrectorias.utp.edu.co\/responsabilidad-social\/hoy-viernes-rectores-del-pais-en-la-utp\/","title":{"rendered":"Hoy viernes, rectores del pa\u00eds en la UTP"},"content":{"rendered":"\n<p><span class=\"post-content__span\"> Hoy viernes, rectores del pa\u00eds en la UTP<\/p>\n\n\n\n<p><span class=\"post-content__span\"> <img decoding=\"async\" alt=\"Este viernes, rectores del pa\u00eds en la UTP\" src=\"https:\/\/comunicaciones.utp.edu.co\/wp-content\/uploads\/sites\/2\/SUE.jpg\">En el Centro de Visitantes de la Universidad Tecnol\u00f3gica de Pereira sesionar\u00e1 hoy viernes 4 de noviembre la Asamblea General de las 32 universidades p\u00fablicas del pa\u00eds, integrantes del Sistema Universitario Estatal, SUE, que preside el rector de la UTP Luis Fernando Gaviria Trujillo.<\/p>\n\n\n\n<p><span class=\"post-content__span\"> A la plenaria, que se cumplir\u00e1 entre las 10 de la ma\u00f1ana y las 6 de la tarde, asistir\u00e1n el Ministro de Educaci\u00f3n (e) Francisco Javier Cardona; la directora de Colciencias Yaneth Giha y los rectores de las universidades p\u00fablicas colombianas, quienes abordar\u00e1n una agenda alrededor de las estrategias de financiaci\u00f3n del SUE; el estado de las negociaciones de paz entre el gobierno colombiano, las Farc y el ELN y la vinculaci\u00f3n de la educaci\u00f3n superior en el nuevo Plan Decenal de Educaci\u00f3n.<\/p>\n\n\n\n<p><span class=\"post-content__span\"> La Asamblea General del SUE recibir\u00e1 tambi\u00e9n los informes de Colombia Cient\u00edfica; del Modelo de Indicadores del Desempe\u00f1o de la Educaci\u00f3n, MIDE y la gesti\u00f3n de los representantes del Sistema ante el Consejo Nacional de Educaci\u00f3n Superior, CESU; la Asociaci\u00f3n Colombiana de Universidades, Asc\u00fan y el Icetex.<\/p>\n\n\n\n<p><span class=\"post-content__span\"> As\u00ed mismo, el presidente del SUE Luis Fernando Gaviria explicar\u00e1 los avances en el dec\u00e1logo de paz, suscrito en Pereira por las universidades p\u00fablicas en febrero de 2016 y los pasos que se han dado para consolidar los campus del pa\u00eds como territorios de paz.<\/p>\n\n\n\n<p><span class=\"post-content__span\"> La jornada del Sistema Universitario Estatal, SUE, en Pereira culminar\u00e1 con la Antolog\u00eda de la \u00d3pera que ofrecer\u00e1n, a las 6 de la tarde, la Orquesta Sinf\u00f3nica de la Universidad de Caldas y el Coro Sinf\u00f3nico de la UTP, en el Teatro de Bellas Artes de la Universidad Tecnol\u00f3gica de Pereira.<\/p>\n","protected":false},"excerpt":{"rendered":"<p>Hoy viernes, rectores del pa\u00eds en la UTP En el Centro de Visitantes de la Universidad Tecnol\u00f3gica de Pereira sesionar\u00e1 [&hellip;]<\/p>\n","protected":false},"author":0,"featured_media":60111,"comment_status":"closed","ping_status":"closed","sticky":false,"template":"","format":"standard","meta":{"footnotes":""},"categories":[3],"tags":[],"class_list":["post-2691","post","type-post","status-publish","format-standard","has-post-thumbnail","hentry","category-noticias"],"_links":{"self":[{"href":"https:\/\/vicerrectorias.utp.edu.co\/responsabilidad-social\/wp-json\/wp\/v2\/posts\/2691","targetHints":{"allow":["GET"]}}],"collection":[{"href":"https:\/\/vicerrectorias.utp.edu.co\/responsabilidad-social\/wp-json\/wp\/v2\/posts"}],"about":[{"href":"https:\/\/vicerrectorias.utp.edu.co\/responsabilidad-social\/wp-json\/wp\/v2\/types\/post"}],"replies":[{"embeddable":true,"href":"https:\/\/vicerrectorias.utp.edu.co\/responsabilidad-social\/wp-json\/wp\/v2\/comments?post=2691"}],"version-history":[{"count":1,"href":"https:\/\/vicerrectorias.utp.edu.co\/responsabilidad-social\/wp-json\/wp\/v2\/posts\/2691\/revisions"}],"predecessor-version":[{"id":9364,"href":"https:\/\/vicerrectorias.utp.edu.co\/responsabilidad-social\/wp-json\/wp\/v2\/posts\/2691\/revisions\/9364"}],"wp:featuredmedia":[{"embeddable":true,"href":"https:\/\/vicerrectorias.utp.edu.co\/responsabilidad-social\/wp-json\/wp\/v2\/media\/60111"}],"wp:attachment":[{"href":"https:\/\/vicerrectorias.utp.edu.co\/responsabilidad-social\/wp-json\/wp\/v2\/media?parent=2691"}],"wp:term":[{"taxonomy":"category","embeddable":true,"href":"https:\/\/vicerrectorias.utp.edu.co\/responsabilidad-social\/wp-json\/wp\/v2\/categories?post=2691"},{"taxonomy":"post_tag","embeddable":true,"href":"https:\/\/vicerrectorias.utp.edu.co\/responsabilidad-social\/wp-json\/wp\/v2\/tags?post=2691"}],"curies":[{"name":"wp","href":"https:\/\/api.w.org\/{rel}","templated":true}]}}