{"id":2621,"date":"2022-03-16T11:46:24","date_gmt":"2022-03-16T10:46:24","guid":{"rendered":""},"modified":"2025-07-12T02:15:36","modified_gmt":"2025-07-12T00:15:36","slug":"pai","status":"publish","type":"post","link":"https:\/\/vicerrectorias.utp.edu.co\/responsabilidad-social\/pai\/","title":{"rendered":"PROGRAMA DE ACOMPA\u00d1AMIENTO INTEGRAL"},"content":{"rendered":"\n<figure class=\"wp-block-image size-large\"><img decoding=\"async\" src=\"https:\/\/vicerrectorias.utp.edu.co\/responsabilidad-social\/wp-content\/uploads\/sites\/12\/GESTION-SOCIAL-ESTE-SI-40-1.png\" alt=\"\" \/><\/figure>\n\n\n\n<figure class=\"wp-block-embed is-type-video is-provider-youtube wp-block-embed-youtube wp-embed-aspect-16-9 wp-has-aspect-ratio\"><div class=\"wp-block-embed__wrapper\">\n<iframe loading=\"lazy\" title=\"Solicitud de cita PAI\" width=\"500\" height=\"281\" src=\"https:\/\/www.youtube.com\/embed\/TfLCp3ZX7ag?feature=oembed\" frameborder=\"0\" allow=\"accelerometer; autoplay; clipboard-write; encrypted-media; gyroscope; picture-in-picture; web-share\" referrerpolicy=\"strict-origin-when-cross-origin\" allowfullscreen><\/iframe>\n<\/div><\/figure>\n\n\n\n<figure class=\"wp-block-image size-large\"><img loading=\"lazy\" decoding=\"async\" width=\"1024\" height=\"852\" src=\"https:\/\/vicerrectorias.utp.edu.co\/responsabilidad-social\/wp-content\/uploads\/sites\/12\/GESTION-SOCIAL-ESTE-SI-2-1-1024x852.jpg\" alt=\"\" class=\"wp-image-64078\" srcset=\"https:\/\/vicerrectorias.utp.edu.co\/responsabilidad-social\/wp-content\/uploads\/sites\/12\/GESTION-SOCIAL-ESTE-SI-2-1-1024x852.jpg 1024w, https:\/\/vicerrectorias.utp.edu.co\/responsabilidad-social\/wp-content\/uploads\/sites\/12\/GESTION-SOCIAL-ESTE-SI-2-1-300x250.jpg 300w, https:\/\/vicerrectorias.utp.edu.co\/responsabilidad-social\/wp-content\/uploads\/sites\/12\/GESTION-SOCIAL-ESTE-SI-2-1-768x639.jpg 768w, https:\/\/vicerrectorias.utp.edu.co\/responsabilidad-social\/wp-content\/uploads\/sites\/12\/GESTION-SOCIAL-ESTE-SI-2-1-1536x1278.jpg 1536w, https:\/\/vicerrectorias.utp.edu.co\/responsabilidad-social\/wp-content\/uploads\/sites\/12\/GESTION-SOCIAL-ESTE-SI-2-1-2048x1704.jpg 2048w\" sizes=\"auto, (max-width: 1024px) 100vw, 1024px\" \/><\/figure>\n\n\n<div class=\"wp-block-image\">\n<figure class=\"aligncenter size-large is-resized\"><img loading=\"lazy\" decoding=\"async\" width=\"934\" height=\"1024\" src=\"https:\/\/vicerrectorias.utp.edu.co\/responsabilidad-social\/wp-content\/uploads\/sites\/12\/GESTION-SOCIAL-ESTE-SI-3-1-934x1024.jpg\" alt=\"\" class=\"wp-image-64075\" style=\"width:840px;height:auto\" srcset=\"https:\/\/vicerrectorias.utp.edu.co\/responsabilidad-social\/wp-content\/uploads\/sites\/12\/GESTION-SOCIAL-ESTE-SI-3-1-934x1024.jpg 934w, https:\/\/vicerrectorias.utp.edu.co\/responsabilidad-social\/wp-content\/uploads\/sites\/12\/GESTION-SOCIAL-ESTE-SI-3-1-274x300.jpg 274w, https:\/\/vicerrectorias.utp.edu.co\/responsabilidad-social\/wp-content\/uploads\/sites\/12\/GESTION-SOCIAL-ESTE-SI-3-1-768x842.jpg 768w, https:\/\/vicerrectorias.utp.edu.co\/responsabilidad-social\/wp-content\/uploads\/sites\/12\/GESTION-SOCIAL-ESTE-SI-3-1-1401x1536.jpg 1401w, https:\/\/vicerrectorias.utp.edu.co\/responsabilidad-social\/wp-content\/uploads\/sites\/12\/GESTION-SOCIAL-ESTE-SI-3-1-1868x2048.jpg 1868w\" sizes=\"auto, (max-width: 934px) 100vw, 934px\" \/><\/figure>\n<\/div>\n\n\n<p><span class=\"post-content__span\"> <span>Edificio 2 Oficina 210 <\/span><\/p>\n\n\n\n<div class=\"wp-block-columns is-layout-flex wp-container-core-columns-is-layout-9d6595d7 wp-block-columns-is-layout-flex\">\n<div class=\"wp-block-column is-vertically-aligned-center is-layout-flow wp-block-column-is-layout-flow\">\n<p class=\"has-text-align-right\" id=\"block-712718c2-ac79-4cdd-bb1c-fe1907cce549\">Informaci\u00f3n sobre Evelyn PAI &#8211; Facultad de ingenier\u00eda<\/p>\n\n\n\n<p style=\"text-align: right\">\n  <video style=\"width: 25%;max-width: 500px;height: auto\" src=\"https:\/\/vicerrectorias.utp.edu.co\/responsabilidad-social\/wp-content\/uploads\/sites\/12\/Evelyn-final-1.mp4\" controls=\"controls\" width=\"300\" height=\"150\"><\/video>\n<\/p>\n<\/div>\n\n\n\n<div class=\"wp-block-column is-vertically-aligned-center is-layout-flow wp-block-column-is-layout-flow\">\n<p class=\"has-text-align-left\"><span class=\"post-content__span\"> Informaci\u00f3n sobre Laura PAI &#8211; Facultad de Bellas Artes y Humanidades<\/p>\n\n\n\n<p style=\"text-align: left\">\n<video style=\"width: 25%;max-width: 500px;height: auto\" src=\"https:\/\/vicerrectorias.utp.edu.co\/responsabilidad-social\/wp-content\/uploads\/sites\/12\/Laura-Final.mp4\" controls=\"controls\" width=\"300\" height=\"150\"><\/video><\/p>\n<\/div>\n<\/div>\n\n\n\n<div class=\"wp-block-columns is-layout-flex wp-container-core-columns-is-layout-9d6595d7 wp-block-columns-is-layout-flex\">\n<div class=\"wp-block-column is-vertically-aligned-center is-layout-flow wp-block-column-is-layout-flow\">\n<p class=\"has-text-align-right\" id=\"block-712718c2-ac79-4cdd-bb1c-fe1907cce549\">Informaci\u00f3n sobre Lilian PAI &#8211; Facultad De Ciencias Empresariales<\/p>\n\n\n\n<p style=\"text-align: right\">\n<video style=\"width: 25%;max-width: 500px;height: auto\" src=\"https:\/\/vicerrectorias.utp.edu.co\/responsabilidad-social\/wp-content\/uploads\/sites\/12\/Lilian-FINAL-1.mp4\" controls=\"controls\" width=\"300\" height=\"150\"><\/video><\/p>\n<\/div>\n\n\n\n<div class=\"wp-block-column is-vertically-aligned-center is-layout-flow wp-block-column-is-layout-flow\">\n<p class=\"has-text-align-left\"><span class=\"post-content__span\"> Informaci\u00f3n sobre Lilibeth PAI &#8211; Facultad De Ciencias Agrarias Y Agroindustria<\/p>\n\n\n\n<p style=\"text-align: left\">\n<video style=\"width: 25%;max-width: 500px;height: auto\" src=\"https:\/\/vicerrectorias.utp.edu.co\/responsabilidad-social\/wp-content\/uploads\/sites\/12\/Lilibeth-Final.mp4\" controls=\"controls\" width=\"300\" height=\"150\"><\/video><\/p>\n<\/div>\n<\/div>\n\n\n\n<div class=\"wp-block-columns is-layout-flex wp-container-core-columns-is-layout-9d6595d7 wp-block-columns-is-layout-flex\">\n<div class=\"wp-block-column is-vertically-aligned-center is-layout-flow wp-block-column-is-layout-flow\">\n<p class=\"has-text-align-right\" id=\"block-712718c2-ac79-4cdd-bb1c-fe1907cce549\">Informaci\u00f3n sobre Olga PAI &#8211; Facultad de Tecnolog\u00eda<\/p>\n\n\n\n<p style=\"text-align: right\">\n<video style=\"width: 25%;max-width: 500px;height: auto\" src=\"https:\/\/vicerrectorias.utp.edu.co\/responsabilidad-social\/wp-content\/uploads\/sites\/12\/Olga-Final-1.mp4\" controls=\"controls\" width=\"300\" height=\"150\"><\/video><\/p>\n<\/div>\n\n\n\n<div class=\"wp-block-column is-vertically-aligned-center is-layout-flow wp-block-column-is-layout-flow\">\n<p class=\"has-text-align-left\"><span class=\"post-content__span\"> Informaci\u00f3n sobre Vane PAI &#8211; Facultad De Ciencias De La Educaci\u00f3n<\/p>\n\n\n\n<p style=\"text-align: left\">\n<video style=\"width: 25%;max-width: 500px;height: auto\" src=\"https:\/\/vicerrectorias.utp.edu.co\/responsabilidad-social\/wp-content\/uploads\/sites\/12\/Vane-Final-1.mp4\" controls=\"controls\" width=\"300\" height=\"150\"><\/video><\/p>\n<\/div>\n<\/div>\n\n\n\n<div class=\"wp-block-columns is-layout-flex wp-container-core-columns-is-layout-9d6595d7 wp-block-columns-is-layout-flex\">\n<div class=\"wp-block-column is-vertically-aligned-center is-layout-flow wp-block-column-is-layout-flow\">\n<p class=\"has-text-align-right\" id=\"block-712718c2-ac79-4cdd-bb1c-fe1907cce549\">Informaci\u00f3n sobre Paulina PAI &#8211; Facultad De Mec\u00e1nica Aplicada<\/p>\n\n\n\n<p style=\"text-align: right\">\n<video style=\"width: 25%;max-width: 500px;height: auto\" src=\"https:\/\/vicerrectorias.utp.edu.co\/responsabilidad-social\/wp-content\/uploads\/sites\/12\/Paulina-Final.mp4\" controls=\"controls\" width=\"300\" height=\"150\"><\/video><\/p>\n<\/div>\n\n\n\n<div class=\"wp-block-column is-vertically-aligned-center is-layout-flow wp-block-column-is-layout-flow\">\n<p class=\"has-text-align-left\"><span class=\"post-content__span\"> Informaci\u00f3n sobre Zuly PAI &#8211; Facultad De Ciencias De La Salud<\/p>\n\n\n\n<p style=\"text-align: left\">\n<video style=\"width: 25%;max-width: 500px;height: auto\" src=\"https:\/\/vicerrectorias.utp.edu.co\/responsabilidad-social\/wp-content\/uploads\/sites\/12\/Zuly-Final-1.mp4\" controls=\"controls\" width=\"300\" height=\"150\"><\/video><\/p>\n<\/div>\n<\/div>\n\n\n\n<p><span class=\"post-content__span\"> <\/p>\n\n\n\n<p><span class=\"post-content__span\"> <span><strong> <\/strong><\/span><\/p>\n","protected":false},"excerpt":{"rendered":"<p>Edificio 2 Oficina 210 Informaci\u00f3n sobre Evelyn PAI &#8211; Facultad de ingenier\u00eda Informaci\u00f3n sobre Laura PAI &#8211; Facultad de Bellas [&hellip;]<\/p>\n","protected":false},"author":0,"featured_media":0,"comment_status":"closed","ping_status":"closed","sticky":false,"template":"","format":"standard","meta":{"footnotes":""},"categories":[4],"tags":[],"class_list":["post-2621","post","type-post","status-publish","format-standard","hentry","category-sin-categoria"],"_links":{"self":[{"href":"https:\/\/vicerrectorias.utp.edu.co\/responsabilidad-social\/wp-json\/wp\/v2\/posts\/2621","targetHints":{"allow":["GET"]}}],"collection":[{"href":"https:\/\/vicerrectorias.utp.edu.co\/responsabilidad-social\/wp-json\/wp\/v2\/posts"}],"about":[{"href":"https:\/\/vicerrectorias.utp.edu.co\/responsabilidad-social\/wp-json\/wp\/v2\/types\/post"}],"replies":[{"embeddable":true,"href":"https:\/\/vicerrectorias.utp.edu.co\/responsabilidad-social\/wp-json\/wp\/v2\/comments?post=2621"}],"version-history":[{"count":72,"href":"https:\/\/vicerrectorias.utp.edu.co\/responsabilidad-social\/wp-json\/wp\/v2\/posts\/2621\/revisions"}],"predecessor-version":[{"id":64079,"href":"https:\/\/vicerrectorias.utp.edu.co\/responsabilidad-social\/wp-json\/wp\/v2\/posts\/2621\/revisions\/64079"}],"wp:attachment":[{"href":"https:\/\/vicerrectorias.utp.edu.co\/responsabilidad-social\/wp-json\/wp\/v2\/media?parent=2621"}],"wp:term":[{"taxonomy":"category","embeddable":true,"href":"https:\/\/vicerrectorias.utp.edu.co\/responsabilidad-social\/wp-json\/wp\/v2\/categories?post=2621"},{"taxonomy":"post_tag","embeddable":true,"href":"https:\/\/vicerrectorias.utp.edu.co\/responsabilidad-social\/wp-json\/wp\/v2\/tags?post=2621"}],"curies":[{"name":"wp","href":"https:\/\/api.w.org\/{rel}","templated":true}]}}