{"id":2601,"date":"2016-11-02T09:09:24","date_gmt":"2016-11-02T08:09:24","guid":{"rendered":""},"modified":"2024-08-15T15:52:52","modified_gmt":"2024-08-15T13:52:52","slug":"el-tren-utepitos-llega-a-la-tecnologica","status":"publish","type":"post","link":"https:\/\/vicerrectorias.utp.edu.co\/responsabilidad-social\/el-tren-utepitos-llega-a-la-tecnologica\/","title":{"rendered":"El tren Utepitos llega a la Tecnol\u00f3gica"},"content":{"rendered":"\n<p><span class=\"post-content__span\"> El tren Utepitos llega a la Tecnol\u00f3gica<\/p>\n\n\n\n<p><span class=\"post-content__span\"> <img decoding=\"async\" alt=\"El tren Utepitos llega a la Tecnol\u00f3gica\" src=\"https:\/\/comunicaciones.utp.edu.co\/wp-content\/uploads\/sites\/2\/logo-utepitos.png\">Con el objetivo de recibir donaciones, el tren de la Casita Utepitos cargado de sue\u00f1os har\u00e1 su parada en las instalaciones del galp\u00f3n de la Universidad Tecnol\u00f3gica de Pereira, donde tendr\u00e1s la oportunidad de hacer tu donaci\u00f3n con la posibilidad de intercambiar lo que dones por algo que encuentres en este tren, &nbsp;para ello, &nbsp;debes llevar el carn\u00e9 de la Universidad y registrarte. La Casita Utepitos cuenta con tu apoyo para el bienestar de los ni\u00f1os que hacen parte del futuro de nuestro pa\u00eds. \u00a1Te esperamos!<\/p>\n","protected":false},"excerpt":{"rendered":"<p>El tren Utepitos llega a la Tecnol\u00f3gica Con el objetivo de recibir donaciones, el tren de la Casita Utepitos cargado [&hellip;]<\/p>\n","protected":false},"author":0,"featured_media":60108,"comment_status":"closed","ping_status":"closed","sticky":false,"template":"","format":"standard","meta":{"footnotes":""},"categories":[3],"tags":[],"class_list":["post-2601","post","type-post","status-publish","format-standard","has-post-thumbnail","hentry","category-noticias"],"_links":{"self":[{"href":"https:\/\/vicerrectorias.utp.edu.co\/responsabilidad-social\/wp-json\/wp\/v2\/posts\/2601","targetHints":{"allow":["GET"]}}],"collection":[{"href":"https:\/\/vicerrectorias.utp.edu.co\/responsabilidad-social\/wp-json\/wp\/v2\/posts"}],"about":[{"href":"https:\/\/vicerrectorias.utp.edu.co\/responsabilidad-social\/wp-json\/wp\/v2\/types\/post"}],"replies":[{"embeddable":true,"href":"https:\/\/vicerrectorias.utp.edu.co\/responsabilidad-social\/wp-json\/wp\/v2\/comments?post=2601"}],"version-history":[{"count":1,"href":"https:\/\/vicerrectorias.utp.edu.co\/responsabilidad-social\/wp-json\/wp\/v2\/posts\/2601\/revisions"}],"predecessor-version":[{"id":9370,"href":"https:\/\/vicerrectorias.utp.edu.co\/responsabilidad-social\/wp-json\/wp\/v2\/posts\/2601\/revisions\/9370"}],"wp:featuredmedia":[{"embeddable":true,"href":"https:\/\/vicerrectorias.utp.edu.co\/responsabilidad-social\/wp-json\/wp\/v2\/media\/60108"}],"wp:attachment":[{"href":"https:\/\/vicerrectorias.utp.edu.co\/responsabilidad-social\/wp-json\/wp\/v2\/media?parent=2601"}],"wp:term":[{"taxonomy":"category","embeddable":true,"href":"https:\/\/vicerrectorias.utp.edu.co\/responsabilidad-social\/wp-json\/wp\/v2\/categories?post=2601"},{"taxonomy":"post_tag","embeddable":true,"href":"https:\/\/vicerrectorias.utp.edu.co\/responsabilidad-social\/wp-json\/wp\/v2\/tags?post=2601"}],"curies":[{"name":"wp","href":"https:\/\/api.w.org\/{rel}","templated":true}]}}