{"id":2561,"date":"2016-10-28T10:00:38","date_gmt":"2016-10-28T08:00:38","guid":{"rendered":""},"modified":"2024-08-15T15:52:52","modified_gmt":"2024-08-15T13:52:52","slug":"es-talento-no-palanca-40000-primeros-empleos","status":"publish","type":"post","link":"https:\/\/vicerrectorias.utp.edu.co\/responsabilidad-social\/es-talento-no-palanca-40000-primeros-empleos\/","title":{"rendered":"Es talento, no palanca 40000 primeros empleos"},"content":{"rendered":"\n<p><span class=\"post-content__span\"> Jornada de socializaci\u00f3n del programa: Es talento, no palanca 40000 primeros empleos<\/p>\n\n\n\n<p><span class=\"post-content__span\"> <span><img decoding=\"async\" alt=\"Jornada de socializaci\u00f3n del programa: Es talento, no palanca 40000 primeros empleos\" src=\"https:\/\/comunicaciones.utp.edu.co\/wp-content\/uploads\/sites\/2\/jovenes-en-accion.png\">Para participar activamente en la convocatoria de este programa usted debe cumplir m\u00ednimo con dos requisitos:<\/span><\/p>\n\n\n\n<p><span class=\"post-content__span\"> 1. Tener entre 18 y 28 a\u00f1os<\/p>\n\n\n\n<p><span class=\"post-content__span\"> 2. Certificar que se encuentra en \u00faltimo semestre de cualquier programa acad\u00e9mico; o tener otro t\u00edtulo en cualquier programa acad\u00e9mico; o estar graduado.<\/p>\n\n\n\n<p><span class=\"post-content__span\"> Deber\u00e1 llenar el siguiente formulario de google para suministrar unos datos y escoger el horario.<\/p>\n\n\n\n<figure class=\"wp-block-embed\"><div class=\"wp-block-embed__wrapper\">\nhttps:\/\/docs.google.com\/a\/utp.edu.co\/forms\/d\/1vXe_6w7oGSWOnGehH6iiMlIEeotXL4JiTnrPRdxMMP4\/edit\n<\/div><\/figure>\n\n\n\n<figure class=\"wp-block-image\"><img decoding=\"async\" src=\"https:\/\/comunicaciones.utp.edu.co\/wp-content\/uploads\/sites\/2\/Convocatoria-40mil-empleos-JPG.jpg\" alt=\"\"\/><\/figure>\n","protected":false},"excerpt":{"rendered":"<p>Jornada de socializaci\u00f3n del programa: Es talento, no palanca 40000 primeros empleos Para participar activamente en la convocatoria de este [&hellip;]<\/p>\n","protected":false},"author":0,"featured_media":60104,"comment_status":"closed","ping_status":"closed","sticky":false,"template":"","format":"standard","meta":{"footnotes":""},"categories":[3],"tags":[],"class_list":["post-2561","post","type-post","status-publish","format-standard","has-post-thumbnail","hentry","category-noticias"],"_links":{"self":[{"href":"https:\/\/vicerrectorias.utp.edu.co\/responsabilidad-social\/wp-json\/wp\/v2\/posts\/2561","targetHints":{"allow":["GET"]}}],"collection":[{"href":"https:\/\/vicerrectorias.utp.edu.co\/responsabilidad-social\/wp-json\/wp\/v2\/posts"}],"about":[{"href":"https:\/\/vicerrectorias.utp.edu.co\/responsabilidad-social\/wp-json\/wp\/v2\/types\/post"}],"replies":[{"embeddable":true,"href":"https:\/\/vicerrectorias.utp.edu.co\/responsabilidad-social\/wp-json\/wp\/v2\/comments?post=2561"}],"version-history":[{"count":1,"href":"https:\/\/vicerrectorias.utp.edu.co\/responsabilidad-social\/wp-json\/wp\/v2\/posts\/2561\/revisions"}],"predecessor-version":[{"id":9374,"href":"https:\/\/vicerrectorias.utp.edu.co\/responsabilidad-social\/wp-json\/wp\/v2\/posts\/2561\/revisions\/9374"}],"wp:featuredmedia":[{"embeddable":true,"href":"https:\/\/vicerrectorias.utp.edu.co\/responsabilidad-social\/wp-json\/wp\/v2\/media\/60104"}],"wp:attachment":[{"href":"https:\/\/vicerrectorias.utp.edu.co\/responsabilidad-social\/wp-json\/wp\/v2\/media?parent=2561"}],"wp:term":[{"taxonomy":"category","embeddable":true,"href":"https:\/\/vicerrectorias.utp.edu.co\/responsabilidad-social\/wp-json\/wp\/v2\/categories?post=2561"},{"taxonomy":"post_tag","embeddable":true,"href":"https:\/\/vicerrectorias.utp.edu.co\/responsabilidad-social\/wp-json\/wp\/v2\/tags?post=2561"}],"curies":[{"name":"wp","href":"https:\/\/api.w.org\/{rel}","templated":true}]}}