{"id":2521,"date":"2016-10-24T16:22:57","date_gmt":"2016-10-24T14:22:57","guid":{"rendered":""},"modified":"2024-08-15T15:52:52","modified_gmt":"2024-08-15T13:52:52","slug":"sistema-universitario-estatal-destaca-inicio-de-ne","status":"publish","type":"post","link":"https:\/\/vicerrectorias.utp.edu.co\/responsabilidad-social\/sistema-universitario-estatal-destaca-inicio-de-ne\/","title":{"rendered":"Sistema Universitario Estatal destaca inicio de ne"},"content":{"rendered":"\n<p><span class=\"post-content__span\"> Sistema Universitario Estatal destaca inicio de negociaciones con ELN<\/p>\n\n\n\n<p><span class=\"post-content__span\"> <img decoding=\"async\" alt=\"Sistema Universitario Estatal destaca inicio de negociaciones con ELN\" src=\"https:\/\/comunicaciones.utp.edu.co\/wp-content\/uploads\/sites\/2\/SUE.jpg\">El Sistema Universitario Estatal, SUE, que agrupa a las 32 universidades p\u00fablicas del pa\u00eds, salud\u00f3 el pr\u00f3ximo inicio del proceso de negociaciones p\u00fablicas entre el gobierno colombiano y la guerrilla del ELN y reconoci\u00f3 la importancia de las salidas negociadas al conflicto armado presente en el pa\u00eds durante el \u00faltimo medio siglo.<\/p>\n\n\n\n<p><span class=\"post-content__span\"> \u201cLos colombianos estamos convencidos de que la b\u00fasqueda de una paz estable y duradera es el mejor legado que podemos dejar a nuestros hijos y nietos y, por ello, las comunidades universitarias apoyamos los acuerdos, primero con las Farc y ahora con el ELN\u00bb, manifest\u00f3 el rector de la Universidad Tecnol\u00f3gica de Pereira y presidente del SUE, Luis Fernando Gaviria Trujillo.<\/p>\n\n\n\n<p><span class=\"post-content__span\"> \u201cDesde las universidades p\u00fablicas ofrecemos toda la colaboraci\u00f3n que necesiten los negociadores de las partes para consolidar un nuevo proceso y garantizar que la paz, la convivencia y la reconciliaci\u00f3n sean una realidad para todos nuestros compatriotas\u201d, a\u00f1adi\u00f3 Gaviria.<\/p>\n\n\n\n<p><span class=\"post-content__span\"> El pr\u00f3ximo jueves 27 de octubre est\u00e1 previsto en Quito, el inicio de la fase p\u00fablica de negociaciones de paz entre el gobierno colombiano y la guerrilla del ELN, que contempla una agenda de 6 puntos:1. Participaci\u00f3n de la sociedad; 2. Democracia para la paz;&nbsp; 3. Transformaciones para la paz; 4. Reconocimiento de los derechos de las v\u00edctimas; 5. Fin del conflicto y 6. Implementaci\u00f3n de lo acordado.<\/p>\n\n\n\n<p><span class=\"post-content__span\"> Seg\u00fan lo anunciado &nbsp;el domingo por el presidente Santos, el jefe negociador del gobierno colombiano con el ELN ser\u00e1 el exministro de Hacienda y de Agricultura Juan Camilo Restrepo.<\/p>\n","protected":false},"excerpt":{"rendered":"<p>Sistema Universitario Estatal destaca inicio de negociaciones con ELN El Sistema Universitario Estatal, SUE, que agrupa a las 32 universidades [&hellip;]<\/p>\n","protected":false},"author":0,"featured_media":60100,"comment_status":"closed","ping_status":"closed","sticky":false,"template":"","format":"standard","meta":{"footnotes":""},"categories":[3],"tags":[],"class_list":["post-2521","post","type-post","status-publish","format-standard","has-post-thumbnail","hentry","category-noticias"],"_links":{"self":[{"href":"https:\/\/vicerrectorias.utp.edu.co\/responsabilidad-social\/wp-json\/wp\/v2\/posts\/2521","targetHints":{"allow":["GET"]}}],"collection":[{"href":"https:\/\/vicerrectorias.utp.edu.co\/responsabilidad-social\/wp-json\/wp\/v2\/posts"}],"about":[{"href":"https:\/\/vicerrectorias.utp.edu.co\/responsabilidad-social\/wp-json\/wp\/v2\/types\/post"}],"replies":[{"embeddable":true,"href":"https:\/\/vicerrectorias.utp.edu.co\/responsabilidad-social\/wp-json\/wp\/v2\/comments?post=2521"}],"version-history":[{"count":1,"href":"https:\/\/vicerrectorias.utp.edu.co\/responsabilidad-social\/wp-json\/wp\/v2\/posts\/2521\/revisions"}],"predecessor-version":[{"id":9378,"href":"https:\/\/vicerrectorias.utp.edu.co\/responsabilidad-social\/wp-json\/wp\/v2\/posts\/2521\/revisions\/9378"}],"wp:featuredmedia":[{"embeddable":true,"href":"https:\/\/vicerrectorias.utp.edu.co\/responsabilidad-social\/wp-json\/wp\/v2\/media\/60100"}],"wp:attachment":[{"href":"https:\/\/vicerrectorias.utp.edu.co\/responsabilidad-social\/wp-json\/wp\/v2\/media?parent=2521"}],"wp:term":[{"taxonomy":"category","embeddable":true,"href":"https:\/\/vicerrectorias.utp.edu.co\/responsabilidad-social\/wp-json\/wp\/v2\/categories?post=2521"},{"taxonomy":"post_tag","embeddable":true,"href":"https:\/\/vicerrectorias.utp.edu.co\/responsabilidad-social\/wp-json\/wp\/v2\/tags?post=2521"}],"curies":[{"name":"wp","href":"https:\/\/api.w.org\/{rel}","templated":true}]}}