{"id":2501,"date":"2016-10-21T17:36:34","date_gmt":"2016-10-21T15:36:34","guid":{"rendered":""},"modified":"2024-08-15T15:52:52","modified_gmt":"2024-08-15T13:52:52","slug":"ceremonia-de-graduacion-utp-2016-2","status":"publish","type":"post","link":"https:\/\/vicerrectorias.utp.edu.co\/responsabilidad-social\/ceremonia-de-graduacion-utp-2016-2\/","title":{"rendered":"Ceremonia de Graduaci\u00f3n UTP 2016-2"},"content":{"rendered":"\n<p><span class=\"post-content__span\"> <span>Con la celebraci\u00f3n de dos ceremonias realizadas en el Teatro Santiago Londo\u00f1o, la Universidad Tecnol\u00f3gica de Pereira entreg\u00f3 a la sociedad 335 nuevos profesionales en diferentes disciplinas de conocimiento.&nbsp;<\/span><\/p>\n\n\n\n<p><span class=\"post-content__span\"> Entre ellos, 4 estudiantes del programa Risaralda Profesional, 1 del PAE y 2 de Becas Talento.<\/p>\n\n\n\n<figure class=\"wp-block-embed\"><div class=\"wp-block-embed__wrapper\">\n<iframe loading=\"lazy\" title=\"Campus Clips - Ceremonia de Graduaci\u00f3n 21 de Octubre de 2016\" width=\"500\" height=\"281\" src=\"https:\/\/www.youtube.com\/embed\/LrRtPA17kt4?feature=oembed\" frameborder=\"0\" allow=\"accelerometer; autoplay; clipboard-write; encrypted-media; gyroscope; picture-in-picture; web-share\" referrerpolicy=\"strict-origin-when-cross-origin\" allowfullscreen><\/iframe>\n<\/div><\/figure>\n","protected":false},"excerpt":{"rendered":"<p>Con la celebraci\u00f3n de dos ceremonias realizadas en el Teatro Santiago Londo\u00f1o, la Universidad Tecnol\u00f3gica de Pereira entreg\u00f3 a la [&hellip;]<\/p>\n","protected":false},"author":0,"featured_media":60098,"comment_status":"closed","ping_status":"closed","sticky":false,"template":"","format":"standard","meta":{"footnotes":""},"categories":[3],"tags":[],"class_list":["post-2501","post","type-post","status-publish","format-standard","has-post-thumbnail","hentry","category-noticias"],"_links":{"self":[{"href":"https:\/\/vicerrectorias.utp.edu.co\/responsabilidad-social\/wp-json\/wp\/v2\/posts\/2501","targetHints":{"allow":["GET"]}}],"collection":[{"href":"https:\/\/vicerrectorias.utp.edu.co\/responsabilidad-social\/wp-json\/wp\/v2\/posts"}],"about":[{"href":"https:\/\/vicerrectorias.utp.edu.co\/responsabilidad-social\/wp-json\/wp\/v2\/types\/post"}],"replies":[{"embeddable":true,"href":"https:\/\/vicerrectorias.utp.edu.co\/responsabilidad-social\/wp-json\/wp\/v2\/comments?post=2501"}],"version-history":[{"count":1,"href":"https:\/\/vicerrectorias.utp.edu.co\/responsabilidad-social\/wp-json\/wp\/v2\/posts\/2501\/revisions"}],"predecessor-version":[{"id":9380,"href":"https:\/\/vicerrectorias.utp.edu.co\/responsabilidad-social\/wp-json\/wp\/v2\/posts\/2501\/revisions\/9380"}],"wp:featuredmedia":[{"embeddable":true,"href":"https:\/\/vicerrectorias.utp.edu.co\/responsabilidad-social\/wp-json\/wp\/v2\/media\/60098"}],"wp:attachment":[{"href":"https:\/\/vicerrectorias.utp.edu.co\/responsabilidad-social\/wp-json\/wp\/v2\/media?parent=2501"}],"wp:term":[{"taxonomy":"category","embeddable":true,"href":"https:\/\/vicerrectorias.utp.edu.co\/responsabilidad-social\/wp-json\/wp\/v2\/categories?post=2501"},{"taxonomy":"post_tag","embeddable":true,"href":"https:\/\/vicerrectorias.utp.edu.co\/responsabilidad-social\/wp-json\/wp\/v2\/tags?post=2501"}],"curies":[{"name":"wp","href":"https:\/\/api.w.org\/{rel}","templated":true}]}}