{"id":2471,"date":"2016-10-13T10:36:49","date_gmt":"2016-10-13T08:36:49","guid":{"rendered":""},"modified":"2024-08-15T15:52:52","modified_gmt":"2024-08-15T13:52:52","slug":"encuentro-anual-de-jubilados-2016","status":"publish","type":"post","link":"https:\/\/vicerrectorias.utp.edu.co\/responsabilidad-social\/encuentro-anual-de-jubilados-2016\/","title":{"rendered":"Encuentro Anual de Jubilados 2016"},"content":{"rendered":"\n<p><span class=\"post-content__span\"> Encuentro Anual de Jubilados<\/p>\n\n\n\n<p><span class=\"post-content__span\"> La Vicerrector\u00eda de Responsabilidad Social y Bienestar Universitario tiene el gusto de&nbsp;Invitar a nuestra comunidad de jubilados al&nbsp;gran encuentro de este a\u00f1o.<\/p>\n\n\n\n<p><span class=\"post-content__span\"> A continuaci\u00f3n se comparte la tarjeta de invitaci\u00f3n al Encuentro Anual de Jubilados y la programaci\u00f3n.<\/p>\n\n\n\n<figure class=\"wp-block-image\"><img decoding=\"async\" src=\"https:\/\/vicerrectorias.utp.edu.co\/responsabilidad-social\/wp-content\/uploads\/sites\/12\/Jubilados%202016.jpg\" alt=\"\"\/><\/figure>\n","protected":false},"excerpt":{"rendered":"<p>Encuentro Anual de Jubilados La Vicerrector\u00eda de Responsabilidad Social y Bienestar Universitario tiene el gusto de&nbsp;Invitar a nuestra comunidad de [&hellip;]<\/p>\n","protected":false},"author":0,"featured_media":60096,"comment_status":"closed","ping_status":"closed","sticky":false,"template":"","format":"standard","meta":{"footnotes":""},"categories":[3],"tags":[],"class_list":["post-2471","post","type-post","status-publish","format-standard","has-post-thumbnail","hentry","category-noticias"],"_links":{"self":[{"href":"https:\/\/vicerrectorias.utp.edu.co\/responsabilidad-social\/wp-json\/wp\/v2\/posts\/2471","targetHints":{"allow":["GET"]}}],"collection":[{"href":"https:\/\/vicerrectorias.utp.edu.co\/responsabilidad-social\/wp-json\/wp\/v2\/posts"}],"about":[{"href":"https:\/\/vicerrectorias.utp.edu.co\/responsabilidad-social\/wp-json\/wp\/v2\/types\/post"}],"replies":[{"embeddable":true,"href":"https:\/\/vicerrectorias.utp.edu.co\/responsabilidad-social\/wp-json\/wp\/v2\/comments?post=2471"}],"version-history":[{"count":1,"href":"https:\/\/vicerrectorias.utp.edu.co\/responsabilidad-social\/wp-json\/wp\/v2\/posts\/2471\/revisions"}],"predecessor-version":[{"id":9382,"href":"https:\/\/vicerrectorias.utp.edu.co\/responsabilidad-social\/wp-json\/wp\/v2\/posts\/2471\/revisions\/9382"}],"wp:featuredmedia":[{"embeddable":true,"href":"https:\/\/vicerrectorias.utp.edu.co\/responsabilidad-social\/wp-json\/wp\/v2\/media\/60096"}],"wp:attachment":[{"href":"https:\/\/vicerrectorias.utp.edu.co\/responsabilidad-social\/wp-json\/wp\/v2\/media?parent=2471"}],"wp:term":[{"taxonomy":"category","embeddable":true,"href":"https:\/\/vicerrectorias.utp.edu.co\/responsabilidad-social\/wp-json\/wp\/v2\/categories?post=2471"},{"taxonomy":"post_tag","embeddable":true,"href":"https:\/\/vicerrectorias.utp.edu.co\/responsabilidad-social\/wp-json\/wp\/v2\/tags?post=2471"}],"curies":[{"name":"wp","href":"https:\/\/api.w.org\/{rel}","templated":true}]}}