{"id":2461,"date":"2016-10-12T10:13:23","date_gmt":"2016-10-12T08:13:23","guid":{"rendered":""},"modified":"2024-08-15T15:52:52","modified_gmt":"2024-08-15T13:52:52","slug":"estudiantes-utp-unidos-a-la-movilizacion-nacional","status":"publish","type":"post","link":"https:\/\/vicerrectorias.utp.edu.co\/responsabilidad-social\/estudiantes-utp-unidos-a-la-movilizacion-nacional\/","title":{"rendered":"Estudiantes UTP unidos a la movilizaci\u00f3n nacional"},"content":{"rendered":"\n<p><span class=\"post-content__span\"> Estudiantes UTP unidos a la movilizaci\u00f3n nacional<\/p>\n\n\n\n<p><span class=\"post-content__span\"> Este mi\u00e9rcoles 12 de octubre haz parte de la movilizaci\u00f3n nacional por La Paz, ac\u00e9rcate &nbsp;a las 4:00 p. m. a la Media Torta ubicada entre la Facultad de Ciencias Ambientales y la Biblioteca Jorge Roa Mart\u00ednez y participa de esta importante iniciativa nacional.<\/p>\n\n\n\n<p><span class=\"post-content__span\"> A las 4:00 p.m.se realizar\u00e1 una Asamblea estudiantil como proceso pedag\u00f3gico para debatir los temas de mayor relevancia sobre el Acuerdo de Paz.<\/p>\n\n\n\n<p><span class=\"post-content__span\"> Posteriormente a las 6:00 p. m., los estudiantes de la Universidad Tecnol\u00f3gica de Pereira se unir\u00e1n a la Movilizaci\u00f3n Nacional, que tiene como prop\u00f3sito promover la participaci\u00f3n ciudadana en este importante hecho hist\u00f3rico.<\/p>\n\n\n\n<p><span class=\"post-content__span\"> <strong>Este es el recorrido:<\/strong><\/p>\n\n\n\n<p><span class=\"post-content__span\"> La salida inicia a las 6:00 p. m. desde la Media Torta (Hacia la porter\u00eda ubicada en el Guaducto UTP).<\/p>\n\n\n\n<p><span class=\"post-content__span\"> Se bajar\u00e1 en marcha por la Calle 17 hasta el puente de la Gobernaci\u00f3n de Risaralda.<\/p>\n\n\n\n<p><span class=\"post-content__span\"> Posteriormente se toma la Cra 13 para para subir por la Calle 19 hasta llegar a la Plaza de Bol\u00edvar en donde se concentrar\u00e1n m\u00e1s colectivos.<\/p>\n","protected":false},"excerpt":{"rendered":"<p>Estudiantes UTP unidos a la movilizaci\u00f3n nacional Este mi\u00e9rcoles 12 de octubre haz parte de la movilizaci\u00f3n nacional por La [&hellip;]<\/p>\n","protected":false},"author":0,"featured_media":60094,"comment_status":"closed","ping_status":"closed","sticky":false,"template":"","format":"standard","meta":{"footnotes":""},"categories":[3],"tags":[],"class_list":["post-2461","post","type-post","status-publish","format-standard","has-post-thumbnail","hentry","category-noticias"],"_links":{"self":[{"href":"https:\/\/vicerrectorias.utp.edu.co\/responsabilidad-social\/wp-json\/wp\/v2\/posts\/2461","targetHints":{"allow":["GET"]}}],"collection":[{"href":"https:\/\/vicerrectorias.utp.edu.co\/responsabilidad-social\/wp-json\/wp\/v2\/posts"}],"about":[{"href":"https:\/\/vicerrectorias.utp.edu.co\/responsabilidad-social\/wp-json\/wp\/v2\/types\/post"}],"replies":[{"embeddable":true,"href":"https:\/\/vicerrectorias.utp.edu.co\/responsabilidad-social\/wp-json\/wp\/v2\/comments?post=2461"}],"version-history":[{"count":1,"href":"https:\/\/vicerrectorias.utp.edu.co\/responsabilidad-social\/wp-json\/wp\/v2\/posts\/2461\/revisions"}],"predecessor-version":[{"id":9384,"href":"https:\/\/vicerrectorias.utp.edu.co\/responsabilidad-social\/wp-json\/wp\/v2\/posts\/2461\/revisions\/9384"}],"wp:featuredmedia":[{"embeddable":true,"href":"https:\/\/vicerrectorias.utp.edu.co\/responsabilidad-social\/wp-json\/wp\/v2\/media\/60094"}],"wp:attachment":[{"href":"https:\/\/vicerrectorias.utp.edu.co\/responsabilidad-social\/wp-json\/wp\/v2\/media?parent=2461"}],"wp:term":[{"taxonomy":"category","embeddable":true,"href":"https:\/\/vicerrectorias.utp.edu.co\/responsabilidad-social\/wp-json\/wp\/v2\/categories?post=2461"},{"taxonomy":"post_tag","embeddable":true,"href":"https:\/\/vicerrectorias.utp.edu.co\/responsabilidad-social\/wp-json\/wp\/v2\/tags?post=2461"}],"curies":[{"name":"wp","href":"https:\/\/api.w.org\/{rel}","templated":true}]}}