{"id":2441,"date":"2016-10-10T17:15:15","date_gmt":"2016-10-10T15:15:15","guid":{"rendered":""},"modified":"2024-08-15T15:52:52","modified_gmt":"2024-08-15T13:52:52","slug":"listado-imposicion-de-escudos-2016","status":"publish","type":"post","link":"https:\/\/vicerrectorias.utp.edu.co\/responsabilidad-social\/listado-imposicion-de-escudos-2016\/","title":{"rendered":"Listado Imposici\u00f3n de Escudos 2016"},"content":{"rendered":"\n<p><span class=\"post-content__span\"> Listado Imposici\u00f3n de Escudos 2016<\/p>\n\n\n\n<p><span class=\"post-content__span\"> Este es un reconocimiento que se hace por cada quinquenio (5 a\u00f1os) a partir de los diez (10) a\u00f1os de servicio. A continuaci\u00f3n se comparte a la comunidad universitaria el listado de personal activo en la Instituci\u00f3n para la imposici\u00f3n de escudos 2016.<\/p>\n\n\n\n<p><span class=\"post-content__span\"> El evento se realizara el d\u00eda 25 de octubre de 2016<\/p>\n\n\n\n<p><span class=\"post-content__span\"> Por favor verifique la informaci\u00f3n y en caso de presentar alguna inconsistencia, comunicarse en la ext. 7469 o al correo&nbsp;<a href=\"mailto:desarrolloth@utp.edu.co\" target=\"_blank\" rel=\"noopener noreferrer\">desarrolloth@utp.edu.co<\/a>, antes del 13 de octubre de 2016.<\/p>\n\n\n\n<p><span class=\"post-content__span\"> <a rel=\"nofollow\" href=\"https:\/\/www.utp.edu.co\/cms-utp\/data\/bin\/UTP\/web\/uploads\/media\/comunicaciones\/documentos\/listado-oficial-imposicion-de-escudos.pdf\">Ver adjunto.<\/a><\/p>\n","protected":false},"excerpt":{"rendered":"<p>Listado Imposici\u00f3n de Escudos 2016 Este es un reconocimiento que se hace por cada quinquenio (5 a\u00f1os) a partir de [&hellip;]<\/p>\n","protected":false},"author":0,"featured_media":60092,"comment_status":"closed","ping_status":"closed","sticky":false,"template":"","format":"standard","meta":{"footnotes":""},"categories":[3],"tags":[],"class_list":["post-2441","post","type-post","status-publish","format-standard","has-post-thumbnail","hentry","category-noticias"],"_links":{"self":[{"href":"https:\/\/vicerrectorias.utp.edu.co\/responsabilidad-social\/wp-json\/wp\/v2\/posts\/2441","targetHints":{"allow":["GET"]}}],"collection":[{"href":"https:\/\/vicerrectorias.utp.edu.co\/responsabilidad-social\/wp-json\/wp\/v2\/posts"}],"about":[{"href":"https:\/\/vicerrectorias.utp.edu.co\/responsabilidad-social\/wp-json\/wp\/v2\/types\/post"}],"replies":[{"embeddable":true,"href":"https:\/\/vicerrectorias.utp.edu.co\/responsabilidad-social\/wp-json\/wp\/v2\/comments?post=2441"}],"version-history":[{"count":1,"href":"https:\/\/vicerrectorias.utp.edu.co\/responsabilidad-social\/wp-json\/wp\/v2\/posts\/2441\/revisions"}],"predecessor-version":[{"id":9385,"href":"https:\/\/vicerrectorias.utp.edu.co\/responsabilidad-social\/wp-json\/wp\/v2\/posts\/2441\/revisions\/9385"}],"wp:featuredmedia":[{"embeddable":true,"href":"https:\/\/vicerrectorias.utp.edu.co\/responsabilidad-social\/wp-json\/wp\/v2\/media\/60092"}],"wp:attachment":[{"href":"https:\/\/vicerrectorias.utp.edu.co\/responsabilidad-social\/wp-json\/wp\/v2\/media?parent=2441"}],"wp:term":[{"taxonomy":"category","embeddable":true,"href":"https:\/\/vicerrectorias.utp.edu.co\/responsabilidad-social\/wp-json\/wp\/v2\/categories?post=2441"},{"taxonomy":"post_tag","embeddable":true,"href":"https:\/\/vicerrectorias.utp.edu.co\/responsabilidad-social\/wp-json\/wp\/v2\/tags?post=2441"}],"curies":[{"name":"wp","href":"https:\/\/api.w.org\/{rel}","templated":true}]}}