{"id":2431,"date":"2016-10-10T17:11:38","date_gmt":"2016-10-10T15:11:38","guid":{"rendered":""},"modified":"2024-08-15T15:52:53","modified_gmt":"2024-08-15T13:52:53","slug":"servicio-social-universitario-2016-2","status":"publish","type":"post","link":"https:\/\/vicerrectorias.utp.edu.co\/responsabilidad-social\/servicio-social-universitario-2016-2\/","title":{"rendered":"Servicio Social Universitario 2016 &#8211; 2"},"content":{"rendered":"\n<p><span class=\"post-content__span\"> Informaci\u00f3n para estudiantes<\/p>\n\n\n\n<p><span class=\"post-content__span\"> <span>Se informa que a partir del pr\u00f3ximo lunes 10 de octubre, se dar\u00e1 inicio a las actividades del Servicio Social Universitario correspondiente al programa al cual usted pertenece.<\/span><\/p>\n\n\n\n<p><span class=\"post-content__span\"> Por lo tanto lo convocamos a asistir a cualquiera de los 2 espacios de reuni\u00f3n programados:<\/p>\n\n\n\n<p><span class=\"post-content__span\"> <strong>1. ESPACIO<\/strong><br>\n<strong>Fecha:<\/strong>&nbsp;Octubre 10 de 2016<br>\n<strong>Hora:<\/strong>&nbsp;10:00 am a 12:00<br>\n<strong>Lugar:<\/strong>&nbsp;Sala magistral 2 del bloque Y<\/p>\n\n\n\n<p><span class=\"post-content__span\"> <strong>2.&nbsp; ESPACIO<\/strong><\/p>\n\n\n\n<p><span class=\"post-content__span\"> <strong>Fecha:<\/strong><span>&nbsp;Octubre 10 de 2016<\/span><br>\n<strong>Hora:<\/strong><span>&nbsp;4:00 pm. a &nbsp;6:00 pm<\/span><br>\n<strong>Lugar:<\/strong><span>&nbsp;Sala magistral 2 del bloque Y<\/span><\/p>\n\n\n\n<p><span class=\"post-content__span\"> Solo deben asistir a 1 de los 2 espacios, y se dar\u00e1 permiso acad\u00e9mico para la asistencia. (solo en caso de clase).<\/p>\n\n\n\n<p><span class=\"post-content__span\"> <span><strong>Recuerde que es indispensable que asista.<\/strong><\/span><\/p>\n\n\n\n<p><span class=\"post-content__span\"> Los cupos ser\u00e1n para los primeros que lleguen, conforme se va llenando el auditorio.<\/p>\n\n\n\n<p><span class=\"post-content__span\"> <span><strong>Le solicitamos adicionalmente compartir esta informaci\u00f3n con los estudiantes que conozca que pertenecen al programa<\/strong><\/span><\/p>\n\n\n\n<p><span class=\"post-content__span\"> <span>Cualquier duda estamos dispuestos a resolverla en las oficinas de la Vicerrector\u00eda de Responsabilidad Social y Bienestar&nbsp;Universitario.<\/span><\/p>\n","protected":false},"excerpt":{"rendered":"<p>Informaci\u00f3n para estudiantes Se informa que a partir del pr\u00f3ximo lunes 10 de octubre, se dar\u00e1 inicio a las actividades [&hellip;]<\/p>\n","protected":false},"author":0,"featured_media":60091,"comment_status":"closed","ping_status":"closed","sticky":false,"template":"","format":"standard","meta":{"footnotes":""},"categories":[3],"tags":[],"class_list":["post-2431","post","type-post","status-publish","format-standard","has-post-thumbnail","hentry","category-noticias"],"_links":{"self":[{"href":"https:\/\/vicerrectorias.utp.edu.co\/responsabilidad-social\/wp-json\/wp\/v2\/posts\/2431","targetHints":{"allow":["GET"]}}],"collection":[{"href":"https:\/\/vicerrectorias.utp.edu.co\/responsabilidad-social\/wp-json\/wp\/v2\/posts"}],"about":[{"href":"https:\/\/vicerrectorias.utp.edu.co\/responsabilidad-social\/wp-json\/wp\/v2\/types\/post"}],"replies":[{"embeddable":true,"href":"https:\/\/vicerrectorias.utp.edu.co\/responsabilidad-social\/wp-json\/wp\/v2\/comments?post=2431"}],"version-history":[{"count":1,"href":"https:\/\/vicerrectorias.utp.edu.co\/responsabilidad-social\/wp-json\/wp\/v2\/posts\/2431\/revisions"}],"predecessor-version":[{"id":9386,"href":"https:\/\/vicerrectorias.utp.edu.co\/responsabilidad-social\/wp-json\/wp\/v2\/posts\/2431\/revisions\/9386"}],"wp:featuredmedia":[{"embeddable":true,"href":"https:\/\/vicerrectorias.utp.edu.co\/responsabilidad-social\/wp-json\/wp\/v2\/media\/60091"}],"wp:attachment":[{"href":"https:\/\/vicerrectorias.utp.edu.co\/responsabilidad-social\/wp-json\/wp\/v2\/media?parent=2431"}],"wp:term":[{"taxonomy":"category","embeddable":true,"href":"https:\/\/vicerrectorias.utp.edu.co\/responsabilidad-social\/wp-json\/wp\/v2\/categories?post=2431"},{"taxonomy":"post_tag","embeddable":true,"href":"https:\/\/vicerrectorias.utp.edu.co\/responsabilidad-social\/wp-json\/wp\/v2\/tags?post=2431"}],"curies":[{"name":"wp","href":"https:\/\/api.w.org\/{rel}","templated":true}]}}