{"id":2411,"date":"2016-10-10T16:56:45","date_gmt":"2016-10-10T14:56:45","guid":{"rendered":""},"modified":"2024-08-15T15:52:53","modified_gmt":"2024-08-15T13:52:53","slug":"la-utp-realizo-conferencia-embarazo-en-adolecentes","status":"publish","type":"post","link":"https:\/\/vicerrectorias.utp.edu.co\/responsabilidad-social\/la-utp-realizo-conferencia-embarazo-en-adolecentes\/","title":{"rendered":"La UTP realizo conferencia Embarazo en adolecentes"},"content":{"rendered":"\n<p><span class=\"post-content__span\"> La Universidad Tecnol\u00f3gica de Pereira realiz\u00f3 la conferencia del embarazo en adolescentes<\/p>\n\n\n\n<p><span class=\"post-content__span\"> <img decoding=\"async\" alt=\" La Universidad Tecnol\u00f3gica de Pereira realiz\u00f3 la conferencia del embarazo en adolescentes\" src=\"https:\/\/comunicaciones.utp.edu.co\/wp-content\/uploads\/sites\/2\/conferencia-embarazo-206.jpg\">Con motivo de implementar una estrategia nacional para la prevenci\u00f3n del embarazo en la adolescencia en el campus universitario, la Universidad brind\u00f3 abiertamente el espacio para que los estudiantes asistieran al Panel Embarazo y Adolescencia, organizado por la Vicerrector\u00eda de Responsabilidad Social y Bienestar Universitario y el programa de Medicina en el marco de la Semana de la Prevenci\u00f3n del Embarazo en la Adolescencia.<\/p>\n\n\n\n<p><span class=\"post-content__span\"> La actividad &nbsp;cont\u00f3 con la presencia de la doctora Mary Luz Mej\u00eda, delegada del Ministerio de Salud; Dra. Ruby Mej\u00eda coordinadora del \u00c1rea de Psiquiatr\u00eda de la Facultad de Ciencias de la Salud; &nbsp;y Soraya Villegas, m\u00e9dica Magister en VIH y experta en salud sexual y reproductiva.&nbsp;<\/p>\n\n\n\n<p><span class=\"post-content__span\"> Igualmente &nbsp;particip\u00f3 la Dra. Mary Luz Mej\u00eda G\u00f3mez, secretaria t\u00e9cnica de la Comisi\u00f3n Nacional Intersectorial para la Promoci\u00f3n de los Derechos Sexuales y Reproductivos, y la Prevenci\u00f3n del Embarazo en la Adolescencia, quien afirm\u00f3 que \u201cel embarazo en la adolescencia no es un problema del sistema de salud, es una consecuencia de vac\u00edos, fallas, y condiciones por falta de oportunidades que existen en los sistemas sociales, educativos, econ\u00f3micos y en la funci\u00f3n social de la familia y la comunidad; en este punto se puede buscar soluciones en t\u00e9rminos de oferta y sector que propagan acciones que est\u00e9n enfocadas a prevenir el embarazo en la adolescencia\u00bb.<\/p>\n\n\n\n<p><span class=\"post-content__span\"> Otro elemento importante de esta charla fue la interpretaci\u00f3n de los derechos sexuales reproductivos y el uso correcto sobre el t\u00e9rmino de la autonom\u00eda por parte de los estudiantes, una funci\u00f3n humana individual, en la que cada persona se forja unas metas a cumplir a lo largo de vida y de las consecuencias de las decisiones que cada uno debe de asumir.<\/p>\n\n\n\n<p><span class=\"post-content__span\"> &nbsp;Adem\u00e1s, se puede a\u00f1adir que es necesario crear espacios en la cual se tengan en cuenta todas las necesidades de los adolescentes gener\u00e1ndoles oportunidades para formar un buen tejido en la sociedad.<\/p>\n\n\n\n<p><span class=\"post-content__span\"> La Universidad Tecnol\u00f3gica cuenta con servicios de salud sexual y reproductiva dentro de los sistemas de Bienestar Universitario, en los que se promueve la importancia de la consulta m\u00e9dica y el acompa\u00f1amiento por parte de profesionales expertos en realizar procesos educativos para la prevenci\u00f3n de embarazos no deseados o para brindar alternativas que eviten la deserci\u00f3n en las carreras. &nbsp;<\/p>\n","protected":false},"excerpt":{"rendered":"<p>La Universidad Tecnol\u00f3gica de Pereira realiz\u00f3 la conferencia del embarazo en adolescentes Con motivo de implementar una estrategia nacional para [&hellip;]<\/p>\n","protected":false},"author":0,"featured_media":60089,"comment_status":"closed","ping_status":"closed","sticky":false,"template":"","format":"standard","meta":{"footnotes":""},"categories":[3],"tags":[],"class_list":["post-2411","post","type-post","status-publish","format-standard","has-post-thumbnail","hentry","category-noticias"],"_links":{"self":[{"href":"https:\/\/vicerrectorias.utp.edu.co\/responsabilidad-social\/wp-json\/wp\/v2\/posts\/2411","targetHints":{"allow":["GET"]}}],"collection":[{"href":"https:\/\/vicerrectorias.utp.edu.co\/responsabilidad-social\/wp-json\/wp\/v2\/posts"}],"about":[{"href":"https:\/\/vicerrectorias.utp.edu.co\/responsabilidad-social\/wp-json\/wp\/v2\/types\/post"}],"replies":[{"embeddable":true,"href":"https:\/\/vicerrectorias.utp.edu.co\/responsabilidad-social\/wp-json\/wp\/v2\/comments?post=2411"}],"version-history":[{"count":1,"href":"https:\/\/vicerrectorias.utp.edu.co\/responsabilidad-social\/wp-json\/wp\/v2\/posts\/2411\/revisions"}],"predecessor-version":[{"id":9388,"href":"https:\/\/vicerrectorias.utp.edu.co\/responsabilidad-social\/wp-json\/wp\/v2\/posts\/2411\/revisions\/9388"}],"wp:featuredmedia":[{"embeddable":true,"href":"https:\/\/vicerrectorias.utp.edu.co\/responsabilidad-social\/wp-json\/wp\/v2\/media\/60089"}],"wp:attachment":[{"href":"https:\/\/vicerrectorias.utp.edu.co\/responsabilidad-social\/wp-json\/wp\/v2\/media?parent=2411"}],"wp:term":[{"taxonomy":"category","embeddable":true,"href":"https:\/\/vicerrectorias.utp.edu.co\/responsabilidad-social\/wp-json\/wp\/v2\/categories?post=2411"},{"taxonomy":"post_tag","embeddable":true,"href":"https:\/\/vicerrectorias.utp.edu.co\/responsabilidad-social\/wp-json\/wp\/v2\/tags?post=2411"}],"curies":[{"name":"wp","href":"https:\/\/api.w.org\/{rel}","templated":true}]}}