{"id":2401,"date":"2016-10-07T10:46:07","date_gmt":"2016-10-07T08:46:07","guid":{"rendered":""},"modified":"2024-08-15T15:52:53","modified_gmt":"2024-08-15T13:52:53","slug":"presidente-de-colombia-gana-premio-nobel-de-paz","status":"publish","type":"post","link":"https:\/\/vicerrectorias.utp.edu.co\/responsabilidad-social\/presidente-de-colombia-gana-premio-nobel-de-paz\/","title":{"rendered":"Presidente de Colombia gana premio Nobel de Paz"},"content":{"rendered":"\n<p><span class=\"post-content__span\"> Presidente de Colombia gana premio Nobel de Paz<\/p>\n\n\n\n<p><span class=\"post-content__span\"> El presidente de la Rep\u00fablica de Colombia Juan Manuel Santos Calder\u00f3n obtuvo Premio Nobel de Paz por sus gestiones en el actual proceso de Paz que se adelanta en el Pa\u00eds, \u00abThis is a commitment to keep trying to bring peace to my country\u00bb.<\/p>\n\n\n\n<p><span class=\"post-content__span\"> <a rel=\"nofollow\" href=\"https:\/\/www.nobelprize.org\/mediaplayer\/?id=2627\">Escuche la llamada de notificaci\u00f3n de la obtenci\u00f3n del Premio Nobel.<\/a><\/p>\n\n\n\n<figure class=\"wp-block-embed\"><div class=\"wp-block-embed__wrapper\">\n<iframe loading=\"lazy\" title=\"Announcement of the 2016 Nobel Peace Prize\" width=\"500\" height=\"281\" src=\"https:\/\/www.youtube.com\/embed\/XGikcPDvFvk?feature=oembed\" frameborder=\"0\" allow=\"accelerometer; autoplay; clipboard-write; encrypted-media; gyroscope; picture-in-picture; web-share\" referrerpolicy=\"strict-origin-when-cross-origin\" allowfullscreen><\/iframe>\n<\/div><\/figure>\n","protected":false},"excerpt":{"rendered":"<p>Presidente de Colombia gana premio Nobel de Paz El presidente de la Rep\u00fablica de Colombia Juan Manuel Santos Calder\u00f3n obtuvo [&hellip;]<\/p>\n","protected":false},"author":0,"featured_media":60088,"comment_status":"closed","ping_status":"closed","sticky":false,"template":"","format":"standard","meta":{"footnotes":""},"categories":[3],"tags":[],"class_list":["post-2401","post","type-post","status-publish","format-standard","has-post-thumbnail","hentry","category-noticias"],"_links":{"self":[{"href":"https:\/\/vicerrectorias.utp.edu.co\/responsabilidad-social\/wp-json\/wp\/v2\/posts\/2401","targetHints":{"allow":["GET"]}}],"collection":[{"href":"https:\/\/vicerrectorias.utp.edu.co\/responsabilidad-social\/wp-json\/wp\/v2\/posts"}],"about":[{"href":"https:\/\/vicerrectorias.utp.edu.co\/responsabilidad-social\/wp-json\/wp\/v2\/types\/post"}],"replies":[{"embeddable":true,"href":"https:\/\/vicerrectorias.utp.edu.co\/responsabilidad-social\/wp-json\/wp\/v2\/comments?post=2401"}],"version-history":[{"count":1,"href":"https:\/\/vicerrectorias.utp.edu.co\/responsabilidad-social\/wp-json\/wp\/v2\/posts\/2401\/revisions"}],"predecessor-version":[{"id":9389,"href":"https:\/\/vicerrectorias.utp.edu.co\/responsabilidad-social\/wp-json\/wp\/v2\/posts\/2401\/revisions\/9389"}],"wp:featuredmedia":[{"embeddable":true,"href":"https:\/\/vicerrectorias.utp.edu.co\/responsabilidad-social\/wp-json\/wp\/v2\/media\/60088"}],"wp:attachment":[{"href":"https:\/\/vicerrectorias.utp.edu.co\/responsabilidad-social\/wp-json\/wp\/v2\/media?parent=2401"}],"wp:term":[{"taxonomy":"category","embeddable":true,"href":"https:\/\/vicerrectorias.utp.edu.co\/responsabilidad-social\/wp-json\/wp\/v2\/categories?post=2401"},{"taxonomy":"post_tag","embeddable":true,"href":"https:\/\/vicerrectorias.utp.edu.co\/responsabilidad-social\/wp-json\/wp\/v2\/tags?post=2401"}],"curies":[{"name":"wp","href":"https:\/\/api.w.org\/{rel}","templated":true}]}}