{"id":2381,"date":"2016-10-05T10:54:08","date_gmt":"2016-10-05T08:54:08","guid":{"rendered":""},"modified":"2024-08-15T15:52:53","modified_gmt":"2024-08-15T13:52:53","slug":"calendario-de-inscripciones-i-semestre-2017","status":"publish","type":"post","link":"https:\/\/vicerrectorias.utp.edu.co\/responsabilidad-social\/calendario-de-inscripciones-i-semestre-2017\/","title":{"rendered":"Calendario de Inscripciones I semestre 2017"},"content":{"rendered":"\n<p><span class=\"post-content__span\"> Calendario de Inscripciones<\/p>\n\n\n\n<p><span class=\"post-content__span\"> En este calendario de inscripciones podr\u00e1&nbsp;encontrar&nbsp;las fechas para realizar el proceso de inscripci\u00f3n&nbsp;para el primer semestre del 2017, podr\u00e1 realizar&nbsp;la solicitud de transferencia interna, externa y reingreso. Le recomendamos estar atento a todas la fechas para que pueda realizar cualquier proceso dentro de las fechas establecidas. &nbsp;&nbsp;<\/p>\n\n\n\n<p><span class=\"post-content__span\"> Para conocer el calendario ingrese al siguiente enlace:<a rel=\"nofollow\" href=\"https:\/\/www.utp.edu.co\/registro\/noticias\/355\/calendario-de-inscripciones\">https:\/\/www.utp.edu.co\/registro\/noticias\/355\/calendario-de-inscripciones<\/a><\/p>\n","protected":false},"excerpt":{"rendered":"<p>Calendario de Inscripciones En este calendario de inscripciones podr\u00e1&nbsp;encontrar&nbsp;las fechas para realizar el proceso de inscripci\u00f3n&nbsp;para el primer semestre del [&hellip;]<\/p>\n","protected":false},"author":0,"featured_media":60086,"comment_status":"closed","ping_status":"closed","sticky":false,"template":"","format":"standard","meta":{"footnotes":""},"categories":[3],"tags":[],"class_list":["post-2381","post","type-post","status-publish","format-standard","has-post-thumbnail","hentry","category-noticias"],"_links":{"self":[{"href":"https:\/\/vicerrectorias.utp.edu.co\/responsabilidad-social\/wp-json\/wp\/v2\/posts\/2381","targetHints":{"allow":["GET"]}}],"collection":[{"href":"https:\/\/vicerrectorias.utp.edu.co\/responsabilidad-social\/wp-json\/wp\/v2\/posts"}],"about":[{"href":"https:\/\/vicerrectorias.utp.edu.co\/responsabilidad-social\/wp-json\/wp\/v2\/types\/post"}],"replies":[{"embeddable":true,"href":"https:\/\/vicerrectorias.utp.edu.co\/responsabilidad-social\/wp-json\/wp\/v2\/comments?post=2381"}],"version-history":[{"count":1,"href":"https:\/\/vicerrectorias.utp.edu.co\/responsabilidad-social\/wp-json\/wp\/v2\/posts\/2381\/revisions"}],"predecessor-version":[{"id":9391,"href":"https:\/\/vicerrectorias.utp.edu.co\/responsabilidad-social\/wp-json\/wp\/v2\/posts\/2381\/revisions\/9391"}],"wp:featuredmedia":[{"embeddable":true,"href":"https:\/\/vicerrectorias.utp.edu.co\/responsabilidad-social\/wp-json\/wp\/v2\/media\/60086"}],"wp:attachment":[{"href":"https:\/\/vicerrectorias.utp.edu.co\/responsabilidad-social\/wp-json\/wp\/v2\/media?parent=2381"}],"wp:term":[{"taxonomy":"category","embeddable":true,"href":"https:\/\/vicerrectorias.utp.edu.co\/responsabilidad-social\/wp-json\/wp\/v2\/categories?post=2381"},{"taxonomy":"post_tag","embeddable":true,"href":"https:\/\/vicerrectorias.utp.edu.co\/responsabilidad-social\/wp-json\/wp\/v2\/tags?post=2381"}],"curies":[{"name":"wp","href":"https:\/\/api.w.org\/{rel}","templated":true}]}}