{"id":2371,"date":"2016-10-05T10:51:29","date_gmt":"2016-10-05T08:51:29","guid":{"rendered":""},"modified":"2024-08-15T15:52:53","modified_gmt":"2024-08-15T13:52:53","slug":"la-utp-se-vincula-a-las-actividades-de-fides","status":"publish","type":"post","link":"https:\/\/vicerrectorias.utp.edu.co\/responsabilidad-social\/la-utp-se-vincula-a-las-actividades-de-fides\/","title":{"rendered":"La UTP se vincula a las actividades de FIDES"},"content":{"rendered":"\n<p><span class=\"post-content__span\"> La UTP se vincula a las actividades de FIDES en la regi\u00f3n<\/p>\n\n\n\n<p><span class=\"post-content__span\"> <img decoding=\"async\" alt=\"La Universidad Tecnol\u00f3gica de Pereira se vincula a las actividades de FIDES en la regi\u00f3n\" src=\"https:\/\/comunicaciones.utp.edu.co\/wp-content\/uploads\/sites\/2\/vicerrectora-y-director-de-fides.jpg\">El presidente y la coordinadora regional de FIDES, Dr. Alejandro Escallon Lloreda y la Dra. Mar\u00eda Lucia Parra, se reunieron con la vicerrectora de Responsabilidad Social y Bienestar Universitario de la UTP, Dra. Diana Patricia G\u00f3mez Botero; con el objetivo de hacer una uni\u00f3n s\u00f3lida y prolongada con actividades sociales que involucren a los estudiantes.<\/p>\n\n\n\n<p><span class=\"post-content__span\"> Esta iniciativa busca que los tecnol\u00f3gicos &nbsp;tengan un rol activo en los proyectos deportivos, art\u00edsticos, sociales y culturales que se desarrollen en diferentes espacios de ciudad y en las redes sociales, para que se vuelvan multiplicadores de valores y de sentimientos.<\/p>\n\n\n\n<p><span class=\"post-content__span\"> FIDES es la Fundaci\u00f3n para la Investigaci\u00f3n y el Desarrollo de la Educaci\u00f3n Especial, una entidad privada sin \u00e1nimo de lucro que desde 1975 apoya a las personas con capacidades especiales de Colombia, lo cual hace a trav\u00e9s de las diferentes regiones, este este caso el Eje Cafetero es la regi\u00f3n seis.<\/p>\n\n\n\n<p><span class=\"post-content__span\"> Bajo este liderazgo regional pretenden hacer m\u00faltiples actividades que sirvan de ejemplo a nivel nacional e internacional, de lo que significa una sociedad unida trabajando por un pa\u00eds que necesita el apoyo de personas, &nbsp;de entidades privadas y &nbsp;p\u00fablicas, de los ciudadanos, que puedan hacer de Colombia un pa\u00eds m\u00e1s amable, unido y &nbsp;ejemplo para el mundo.<\/p>\n\n\n\n<p><span class=\"post-content__span\"> <span>Esta visita a la UTP se da en el marco de las VIII Olimpiadas Especiales del Caf\u00e9 \u2013 FIDES, que se realizar\u00e1n en diferentes escenarios deportivos de Pereira.<\/span><\/p>\n\n\n\n<p><span class=\"post-content__span\"> <span><a rel=\"nofollow\" href=\"https:\/\/www.eldiario.com.co\/seccion\/DEPORTES\/pereira-inaugur-el-evento-m-s-especial-del-deporte1610.html\">Ver noticia.<\/a><\/span><\/p>\n","protected":false},"excerpt":{"rendered":"<p>La UTP se vincula a las actividades de FIDES en la regi\u00f3n El presidente y la coordinadora regional de FIDES, [&hellip;]<\/p>\n","protected":false},"author":0,"featured_media":60085,"comment_status":"closed","ping_status":"closed","sticky":false,"template":"","format":"standard","meta":{"footnotes":""},"categories":[3],"tags":[],"class_list":["post-2371","post","type-post","status-publish","format-standard","has-post-thumbnail","hentry","category-noticias"],"_links":{"self":[{"href":"https:\/\/vicerrectorias.utp.edu.co\/responsabilidad-social\/wp-json\/wp\/v2\/posts\/2371","targetHints":{"allow":["GET"]}}],"collection":[{"href":"https:\/\/vicerrectorias.utp.edu.co\/responsabilidad-social\/wp-json\/wp\/v2\/posts"}],"about":[{"href":"https:\/\/vicerrectorias.utp.edu.co\/responsabilidad-social\/wp-json\/wp\/v2\/types\/post"}],"replies":[{"embeddable":true,"href":"https:\/\/vicerrectorias.utp.edu.co\/responsabilidad-social\/wp-json\/wp\/v2\/comments?post=2371"}],"version-history":[{"count":1,"href":"https:\/\/vicerrectorias.utp.edu.co\/responsabilidad-social\/wp-json\/wp\/v2\/posts\/2371\/revisions"}],"predecessor-version":[{"id":9392,"href":"https:\/\/vicerrectorias.utp.edu.co\/responsabilidad-social\/wp-json\/wp\/v2\/posts\/2371\/revisions\/9392"}],"wp:featuredmedia":[{"embeddable":true,"href":"https:\/\/vicerrectorias.utp.edu.co\/responsabilidad-social\/wp-json\/wp\/v2\/media\/60085"}],"wp:attachment":[{"href":"https:\/\/vicerrectorias.utp.edu.co\/responsabilidad-social\/wp-json\/wp\/v2\/media?parent=2371"}],"wp:term":[{"taxonomy":"category","embeddable":true,"href":"https:\/\/vicerrectorias.utp.edu.co\/responsabilidad-social\/wp-json\/wp\/v2\/categories?post=2371"},{"taxonomy":"post_tag","embeddable":true,"href":"https:\/\/vicerrectorias.utp.edu.co\/responsabilidad-social\/wp-json\/wp\/v2\/tags?post=2371"}],"curies":[{"name":"wp","href":"https:\/\/api.w.org\/{rel}","templated":true}]}}