{"id":2351,"date":"2016-09-27T16:01:13","date_gmt":"2016-09-27T14:01:13","guid":{"rendered":""},"modified":"2024-08-15T15:52:53","modified_gmt":"2024-08-15T13:52:53","slug":"gran-concierto-por-la-paz-musica-para-la-reconcil","status":"publish","type":"post","link":"https:\/\/vicerrectorias.utp.edu.co\/responsabilidad-social\/gran-concierto-por-la-paz-musica-para-la-reconcil\/","title":{"rendered":"Gran concierto por la Paz \u201cM\u00fasica para la reconcil"},"content":{"rendered":"\n<p><span class=\"post-content__span\"> Este jueves 29 de septiembre a partir de las 7:00 p. m. en la Catedral de Pereira (Calle 21 No 7-35) se ofrecer\u00e1 el Gran Concierto por la Paz \u201cM\u00fasica para la reconciliaci\u00f3n\u201d un evento sin costo, al que est\u00e1n invitados risaraldenses y for\u00e1neos.<\/p>\n\n\n\n<figure class=\"wp-block-image\"><img decoding=\"async\" src=\"https:\/\/vicerrectorias.utp.edu.co\/responsabilidad-social\/wp-content\/uploads\/sites\/12\/27-septiembre-concierto-paz.jpg\" alt=\"\"\/><\/figure>\n\n\n\n<p><span class=\"post-content__span\"> Gran concierto por la Paz \u201cM\u00fasica para la reconciliaci\u00f3n\u201d<\/p>\n\n\n\n<p><span class=\"post-content__span\"> Este jueves 29 de septiembre a partir de las 7:00 p. m. en la Catedral de Pereira (Calle 21 No 7-35) se ofrecer\u00e1 el Gran concierto por la Paz \u201cM\u00fasica para la reconciliaci\u00f3n\u201d un evento sin costo, al que est\u00e1n invitados risaraldenses y for\u00e1neos.<span>&nbsp;<\/span><\/p>\n\n\n\n<p><span class=\"post-content__span\"> Gran concierto por la Paz \u201cM\u00fasica para la reconciliaci\u00f3n\u201d<\/p>\n\n\n\n<p><span class=\"post-content__span\"> Este jueves 29 de septiembre a partir de las 7:00 p. m. en la Catedral de Pereira (Calle 21 No 7-35) se ofrecer\u00e1 el Gran concierto por la Paz \u201cM\u00fasica para la reconciliaci\u00f3n\u201d un evento sin costo, al que est\u00e1n invitados risaraldenses y for\u00e1neos.<\/p>\n\n\n\n<p><span class=\"post-content__span\"> Este concierto ser\u00e1 ofrecido por la Orquesta Sinf\u00f3nica de la Universidad Tecnol\u00f3gica de Pereira, dirigida por el maestro Louis TILLET y contar\u00e1 con obras universales de grandes autores como: Joaqu\u00edn ROSSINI, Georges BIZET&nbsp; y Lucho BERMUDEZ, entre otros.<\/p>\n\n\n\n<p><span class=\"post-content__span\"> <strong>\u266b Programa \u266b<\/strong><\/p>\n\n\n\n<ul class=\"wp-block-list\"><li>Himno Nacional de la Republica de Colombia<\/li><li>Himno de Pereira<\/li><\/ul>\n\n\n\n<p><span class=\"post-content__span\"> _______________________________________________________<\/p>\n\n\n\n<ul class=\"wp-block-list\"><li>Obertura de \u201cLa Hurraca ladrona\u201d&nbsp; Joaqu\u00edn ROSSINI&nbsp;&nbsp;&nbsp;&nbsp;&nbsp;&nbsp;&nbsp;&nbsp; &nbsp; (1792-1868)<\/li><li>Suite n\u00b02 de \u201cLa Arlesiana\u201d&nbsp;&nbsp;&nbsp;&nbsp;&nbsp;&nbsp;&nbsp;&nbsp;&nbsp;&nbsp;&nbsp;&nbsp; Georges BIZET&nbsp;&nbsp;&nbsp;&nbsp;&nbsp;&nbsp; (1838-1875)<\/li><\/ul>\n\n\n\n<p><span class=\"post-content__span\"> Pastoral \u2013 Intermezzo \u2013 Minueto &#8211; Far\u00e1ndula<\/p>\n\n\n\n<ul class=\"wp-block-list\"><li>3 Danzas h\u00fangaras n\u00b06 \u2013 n\u00b01 \u2013 n\u00b05 &nbsp;&nbsp;&nbsp;&nbsp;&nbsp;&nbsp;&nbsp;&nbsp; Johannes BRAHMS (1833-1897)<\/li><li>\u201cBolero\u201d&nbsp;&nbsp;&nbsp;&nbsp;&nbsp;&nbsp;&nbsp;&nbsp;&nbsp;&nbsp;&nbsp;&nbsp;&nbsp;&nbsp;&nbsp;&nbsp;&nbsp;&nbsp;&nbsp;&nbsp;&nbsp;&nbsp;&nbsp;&nbsp;&nbsp;&nbsp;&nbsp;&nbsp;&nbsp;&nbsp;&nbsp;&nbsp;&nbsp;&nbsp;&nbsp;&nbsp;&nbsp;&nbsp;&nbsp;&nbsp;&nbsp; Maurice RAVEL&nbsp;&nbsp;&nbsp;&nbsp;&nbsp; (1875-1937)<\/li><li>\u201cMi Buenaventura\u201d \/currulao&nbsp;&nbsp;&nbsp;&nbsp;&nbsp;&nbsp;&nbsp;&nbsp;&nbsp; Petronio \u00c1LVAREZ (1914-1966)<\/li><li>\u201cColombia, Tierra querida\u201d&nbsp;&nbsp;&nbsp;&nbsp;&nbsp;&nbsp;&nbsp;&nbsp;&nbsp;&nbsp;&nbsp;&nbsp; Lucho BERMUDEZ (1912-1994)<\/li><\/ul>\n\n\n\n<p><span class=\"post-content__span\"> _______________________________________________________<\/p>\n\n\n\n<ul class=\"wp-block-list\"><li>Bis eventual : Marcha de Radetzky Johann STRAUSS (1804-1849)<\/li><li>&nbsp;<\/li><\/ul>\n","protected":false},"excerpt":{"rendered":"<p>Este jueves 29 de septiembre a partir de las 7:00 p. m. en la Catedral de Pereira (Calle 21 No [&hellip;]<\/p>\n","protected":false},"author":0,"featured_media":60083,"comment_status":"closed","ping_status":"closed","sticky":false,"template":"","format":"standard","meta":{"footnotes":""},"categories":[3],"tags":[],"class_list":["post-2351","post","type-post","status-publish","format-standard","has-post-thumbnail","hentry","category-noticias"],"_links":{"self":[{"href":"https:\/\/vicerrectorias.utp.edu.co\/responsabilidad-social\/wp-json\/wp\/v2\/posts\/2351","targetHints":{"allow":["GET"]}}],"collection":[{"href":"https:\/\/vicerrectorias.utp.edu.co\/responsabilidad-social\/wp-json\/wp\/v2\/posts"}],"about":[{"href":"https:\/\/vicerrectorias.utp.edu.co\/responsabilidad-social\/wp-json\/wp\/v2\/types\/post"}],"replies":[{"embeddable":true,"href":"https:\/\/vicerrectorias.utp.edu.co\/responsabilidad-social\/wp-json\/wp\/v2\/comments?post=2351"}],"version-history":[{"count":1,"href":"https:\/\/vicerrectorias.utp.edu.co\/responsabilidad-social\/wp-json\/wp\/v2\/posts\/2351\/revisions"}],"predecessor-version":[{"id":9394,"href":"https:\/\/vicerrectorias.utp.edu.co\/responsabilidad-social\/wp-json\/wp\/v2\/posts\/2351\/revisions\/9394"}],"wp:featuredmedia":[{"embeddable":true,"href":"https:\/\/vicerrectorias.utp.edu.co\/responsabilidad-social\/wp-json\/wp\/v2\/media\/60083"}],"wp:attachment":[{"href":"https:\/\/vicerrectorias.utp.edu.co\/responsabilidad-social\/wp-json\/wp\/v2\/media?parent=2351"}],"wp:term":[{"taxonomy":"category","embeddable":true,"href":"https:\/\/vicerrectorias.utp.edu.co\/responsabilidad-social\/wp-json\/wp\/v2\/categories?post=2351"},{"taxonomy":"post_tag","embeddable":true,"href":"https:\/\/vicerrectorias.utp.edu.co\/responsabilidad-social\/wp-json\/wp\/v2\/tags?post=2351"}],"curies":[{"name":"wp","href":"https:\/\/api.w.org\/{rel}","templated":true}]}}