{"id":2341,"date":"2016-09-27T12:49:19","date_gmt":"2016-09-27T10:49:19","guid":{"rendered":""},"modified":"2024-08-15T15:52:53","modified_gmt":"2024-08-15T13:52:53","slug":"la-utp-moviliza-la-ciudad-alrededor-de-la-paz","status":"publish","type":"post","link":"https:\/\/vicerrectorias.utp.edu.co\/responsabilidad-social\/la-utp-moviliza-la-ciudad-alrededor-de-la-paz\/","title":{"rendered":"La UTP moviliza la Ciudad alrededor de la Paz"},"content":{"rendered":"\n<figure class=\"wp-block-image\"><img decoding=\"async\" src=\"https:\/\/vicerrectorias.utp.edu.co\/responsabilidad-social\/wp-content\/uploads\/sites\/12\/Banner%20Paz.jpg\" alt=\"\"\/><\/figure>\n\n\n\n<p><span class=\"post-content__span\"> Una gran movilizaci\u00f3n iniciada desde la Universidad Tecnol\u00f3gica de Pereira &nbsp;pint\u00f3 con el &nbsp;blanco de la paz, el camino desde el parqueadero Central de la UTP hasta la Plaza de Bol\u00edvar, gracias a una asistencia multitudinaria de marchistas que con comparsas y arengas llenaron de esperanza un d\u00eda, en el que hasta el clima colabor\u00f3.<\/p>\n\n\n\n<p><span class=\"post-content__span\"> Estudiantes, docentes, administrativos, directos y la sociedad civil en general, dijeron si a su participaci\u00f3n en esta importante iniciativa de universidad, de ciudad y de pa\u00eds para hacer de esta marcha, un gran carnaval &nbsp;que moviliz\u00f3 a Pereira alrededor de este hecho hist\u00f3rico.<\/p>\n\n\n\n<p><span class=\"post-content__span\"> Pues cientos de personas llegaron a la Plaza del Libertador, para ver presentaciones culturales de artistas de la Regi\u00f3n &nbsp;y &nbsp;apoyar con su presencia la transmisi\u00f3n en directo de la firma del acuerdo que pone fin a un conflicto de 52 a\u00f1os.<\/p>\n\n\n\n<p><span class=\"post-content__span\"> Arengas como \u201cLa UTP quiere la Paz\u201d y \u201cPereira dice Si\u201d se escucharon en un solo coro en la Plaza de Bol\u00edvar, &nbsp;del que participaron diferentes colectivos, universidades, sindicatos, entre otras organizaciones que dejaron sus diferencias a un lado y se unieron a esta gran iniciativa.<\/p>\n","protected":false},"excerpt":{"rendered":"<p>Una gran movilizaci\u00f3n iniciada desde la Universidad Tecnol\u00f3gica de Pereira &nbsp;pint\u00f3 con el &nbsp;blanco de la paz, el camino desde [&hellip;]<\/p>\n","protected":false},"author":0,"featured_media":60082,"comment_status":"closed","ping_status":"closed","sticky":false,"template":"","format":"standard","meta":{"footnotes":""},"categories":[3],"tags":[],"class_list":["post-2341","post","type-post","status-publish","format-standard","has-post-thumbnail","hentry","category-noticias"],"_links":{"self":[{"href":"https:\/\/vicerrectorias.utp.edu.co\/responsabilidad-social\/wp-json\/wp\/v2\/posts\/2341","targetHints":{"allow":["GET"]}}],"collection":[{"href":"https:\/\/vicerrectorias.utp.edu.co\/responsabilidad-social\/wp-json\/wp\/v2\/posts"}],"about":[{"href":"https:\/\/vicerrectorias.utp.edu.co\/responsabilidad-social\/wp-json\/wp\/v2\/types\/post"}],"replies":[{"embeddable":true,"href":"https:\/\/vicerrectorias.utp.edu.co\/responsabilidad-social\/wp-json\/wp\/v2\/comments?post=2341"}],"version-history":[{"count":1,"href":"https:\/\/vicerrectorias.utp.edu.co\/responsabilidad-social\/wp-json\/wp\/v2\/posts\/2341\/revisions"}],"predecessor-version":[{"id":9396,"href":"https:\/\/vicerrectorias.utp.edu.co\/responsabilidad-social\/wp-json\/wp\/v2\/posts\/2341\/revisions\/9396"}],"wp:featuredmedia":[{"embeddable":true,"href":"https:\/\/vicerrectorias.utp.edu.co\/responsabilidad-social\/wp-json\/wp\/v2\/media\/60082"}],"wp:attachment":[{"href":"https:\/\/vicerrectorias.utp.edu.co\/responsabilidad-social\/wp-json\/wp\/v2\/media?parent=2341"}],"wp:term":[{"taxonomy":"category","embeddable":true,"href":"https:\/\/vicerrectorias.utp.edu.co\/responsabilidad-social\/wp-json\/wp\/v2\/categories?post=2341"},{"taxonomy":"post_tag","embeddable":true,"href":"https:\/\/vicerrectorias.utp.edu.co\/responsabilidad-social\/wp-json\/wp\/v2\/tags?post=2341"}],"curies":[{"name":"wp","href":"https:\/\/api.w.org\/{rel}","templated":true}]}}