{"id":2331,"date":"2016-09-27T12:50:27","date_gmt":"2016-09-27T10:50:27","guid":{"rendered":""},"modified":"2024-08-15T15:52:53","modified_gmt":"2024-08-15T13:52:53","slug":"socializacion-de-la-cumbre-nacional-de-mujeres","status":"publish","type":"post","link":"https:\/\/vicerrectorias.utp.edu.co\/responsabilidad-social\/socializacion-de-la-cumbre-nacional-de-mujeres\/","title":{"rendered":"Socializaci\u00f3n de la cumbre nacional de mujeres"},"content":{"rendered":"\n<p><span class=\"post-content__span\"> Invitamos a mujeres y p\u00fablico en general a un evento pedag\u00f3gico sobre los acuerdos de paz &nbsp;y socializaci\u00f3n de la cumbre nacional de mujeres realizada la semana pasada.<\/p>\n\n\n\n<p><span class=\"post-content__span\"> El objetivo de este evento es promover el conocimiento acerca de este tema de tanto inter\u00e9s para las y los colombianos y promover el debate con argumentos.<\/p>\n\n\n\n<p><span class=\"post-content__span\"> INVITADAS:<\/p>\n\n\n\n<p><span class=\"post-content__span\"> Gloria Ines Ramirez: dirigente magisterial regional y nacional, fue senadora de la Re\u00fablica y particip\u00f3 en debate de g\u00e9nero en negociaciones de la Habana<\/p>\n\n\n\n<p><span class=\"post-content__span\"> Delegadas a la Cumbre Nacional de Mujeres<\/p>\n\n\n\n<figure class=\"wp-block-image\"><img decoding=\"async\" src=\"https:\/\/vicerrectorias.utp.edu.co\/responsabilidad-social\/wp-content\/uploads\/sites\/12\/miercoles.jpg\" alt=\"\"\/><\/figure>\n\n\n\n<p><span class=\"post-content__span\"> DIA: &nbsp;Mi\u00e9rcoles 28 de septiembre&nbsp;<\/p>\n\n\n\n<p><span class=\"post-content__span\"> HORA: 2 a 5 pm&nbsp;<\/p>\n\n\n\n<p><span class=\"post-content__span\"> LUGAR: &nbsp;Teatro de Comfamiliar. Cra 5 # 21 &#8211; 48<\/p>\n\n\n\n<p><span class=\"post-content__span\"> Ingreso libre.&nbsp;<\/p>\n\n\n\n<p><span class=\"post-content__span\"> Hagamos de este un encuentro de mujeres y paz, para conocer mejor el tema y tomar decisiones.<\/p>\n\n\n\n<p><span class=\"post-content__span\"> Invitan Organizaciones de Mujeres del Consejo Consultivo de Risaralda<\/p>\n\n\n\n<p><span class=\"post-content__span\"> Organizaciones de mujeres, sociales y sindicales.<\/p>\n","protected":false},"excerpt":{"rendered":"<p>Invitamos a mujeres y p\u00fablico en general a un evento pedag\u00f3gico sobre los acuerdos de paz &nbsp;y socializaci\u00f3n de la [&hellip;]<\/p>\n","protected":false},"author":0,"featured_media":60081,"comment_status":"closed","ping_status":"closed","sticky":false,"template":"","format":"standard","meta":{"footnotes":""},"categories":[3],"tags":[],"class_list":["post-2331","post","type-post","status-publish","format-standard","has-post-thumbnail","hentry","category-noticias"],"_links":{"self":[{"href":"https:\/\/vicerrectorias.utp.edu.co\/responsabilidad-social\/wp-json\/wp\/v2\/posts\/2331","targetHints":{"allow":["GET"]}}],"collection":[{"href":"https:\/\/vicerrectorias.utp.edu.co\/responsabilidad-social\/wp-json\/wp\/v2\/posts"}],"about":[{"href":"https:\/\/vicerrectorias.utp.edu.co\/responsabilidad-social\/wp-json\/wp\/v2\/types\/post"}],"replies":[{"embeddable":true,"href":"https:\/\/vicerrectorias.utp.edu.co\/responsabilidad-social\/wp-json\/wp\/v2\/comments?post=2331"}],"version-history":[{"count":1,"href":"https:\/\/vicerrectorias.utp.edu.co\/responsabilidad-social\/wp-json\/wp\/v2\/posts\/2331\/revisions"}],"predecessor-version":[{"id":9395,"href":"https:\/\/vicerrectorias.utp.edu.co\/responsabilidad-social\/wp-json\/wp\/v2\/posts\/2331\/revisions\/9395"}],"wp:featuredmedia":[{"embeddable":true,"href":"https:\/\/vicerrectorias.utp.edu.co\/responsabilidad-social\/wp-json\/wp\/v2\/media\/60081"}],"wp:attachment":[{"href":"https:\/\/vicerrectorias.utp.edu.co\/responsabilidad-social\/wp-json\/wp\/v2\/media?parent=2331"}],"wp:term":[{"taxonomy":"category","embeddable":true,"href":"https:\/\/vicerrectorias.utp.edu.co\/responsabilidad-social\/wp-json\/wp\/v2\/categories?post=2331"},{"taxonomy":"post_tag","embeddable":true,"href":"https:\/\/vicerrectorias.utp.edu.co\/responsabilidad-social\/wp-json\/wp\/v2\/tags?post=2331"}],"curies":[{"name":"wp","href":"https:\/\/api.w.org\/{rel}","templated":true}]}}