{"id":233,"date":"2014-07-03T08:52:19","date_gmt":"2014-07-03T06:52:19","guid":{"rendered":""},"modified":"2024-08-15T15:53:08","modified_gmt":"2024-08-15T13:53:08","slug":"proxima-ceremonia-general-de-grados","status":"publish","type":"post","link":"https:\/\/vicerrectorias.utp.edu.co\/responsabilidad-social\/proxima-ceremonia-general-de-grados\/","title":{"rendered":"Pr\u00f3xima Ceremonia General de Grados"},"content":{"rendered":"\n<p><span class=\"post-content__span\"> El Centro de Registro y Control Acad\u00e9mico informa a la comunidad universitaria,&nbsp;que la pr\u00f3xima Ceremonia General de Grados ser\u00e1 realizada el d\u00eda&nbsp;<strong>01 de Agosto de 2014<\/strong>.<\/p>\n\n\n\n<p><span class=\"post-content__span\"> Para mayor informaci\u00f3n consulte en&nbsp;<a rel=\"nofollow noopener noreferrer\" href=\"https:\/\/www.utp.edu.co\/registro\/tramites-y-formularios\/27\/calendario-ceremonia-general-de-grados\" target=\"_blank\">Calendario Ceremonia General de Grados<\/a>.<\/p>\n","protected":false},"excerpt":{"rendered":"<p>El Centro de Registro y Control Acad\u00e9mico informa a la comunidad universitaria,&nbsp;que la pr\u00f3xima Ceremonia General de Grados ser\u00e1 realizada [&hellip;]<\/p>\n","protected":false},"author":0,"featured_media":0,"comment_status":"closed","ping_status":"closed","sticky":false,"template":"","format":"standard","meta":{"footnotes":""},"categories":[3],"tags":[],"class_list":["post-233","post","type-post","status-publish","format-standard","hentry","category-noticias"],"_links":{"self":[{"href":"https:\/\/vicerrectorias.utp.edu.co\/responsabilidad-social\/wp-json\/wp\/v2\/posts\/233","targetHints":{"allow":["GET"]}}],"collection":[{"href":"https:\/\/vicerrectorias.utp.edu.co\/responsabilidad-social\/wp-json\/wp\/v2\/posts"}],"about":[{"href":"https:\/\/vicerrectorias.utp.edu.co\/responsabilidad-social\/wp-json\/wp\/v2\/types\/post"}],"replies":[{"embeddable":true,"href":"https:\/\/vicerrectorias.utp.edu.co\/responsabilidad-social\/wp-json\/wp\/v2\/comments?post=233"}],"version-history":[{"count":1,"href":"https:\/\/vicerrectorias.utp.edu.co\/responsabilidad-social\/wp-json\/wp\/v2\/posts\/233\/revisions"}],"predecessor-version":[{"id":9757,"href":"https:\/\/vicerrectorias.utp.edu.co\/responsabilidad-social\/wp-json\/wp\/v2\/posts\/233\/revisions\/9757"}],"wp:attachment":[{"href":"https:\/\/vicerrectorias.utp.edu.co\/responsabilidad-social\/wp-json\/wp\/v2\/media?parent=233"}],"wp:term":[{"taxonomy":"category","embeddable":true,"href":"https:\/\/vicerrectorias.utp.edu.co\/responsabilidad-social\/wp-json\/wp\/v2\/categories?post=233"},{"taxonomy":"post_tag","embeddable":true,"href":"https:\/\/vicerrectorias.utp.edu.co\/responsabilidad-social\/wp-json\/wp\/v2\/tags?post=233"}],"curies":[{"name":"wp","href":"https:\/\/api.w.org\/{rel}","templated":true}]}}