{"id":2321,"date":"2016-09-23T09:01:52","date_gmt":"2016-09-23T07:01:52","guid":{"rendered":""},"modified":"2024-08-15T15:52:53","modified_gmt":"2024-08-15T13:52:53","slug":"5-encuentro-colombiano-de-gestion-universitaria","status":"publish","type":"post","link":"https:\/\/vicerrectorias.utp.edu.co\/responsabilidad-social\/5-encuentro-colombiano-de-gestion-universitaria\/","title":{"rendered":"5\u00ba Encuentro Colombiano de Gesti\u00f3n Universitaria"},"content":{"rendered":"\n<p><span class=\"post-content__span\"> 5\u00ba Encuentro Colombiano de Gesti\u00f3n Universitaria<\/p>\n\n\n\n<figure class=\"wp-block-image\"><img decoding=\"async\" src=\"https:\/\/lh3.googleusercontent.com\/-N0Tcmk1ZoAk\/V-RIiWPvx2I\/AAAAAAAAQCs\/ILmj6k-7rIUe6VeJdB-ttJVzCTulCqJygCHM\/s640\/18.JPG\" alt=\"\"\/><\/figure>\n\n\n\n<p><span class=\"post-content__span\"> <img decoding=\"async\" src=\"https:\/\/lh3.googleusercontent.com\/-bcaWVhFxxNE\/V-RIiQt-cGI\/AAAAAAAAQCs\/xwjqhACMk-0ORbbRtI2M7T8KOE1FrNR1wCHM\/s640\/12.JPG\"><span>En la Universidad Tecnol\u00f3gica de Pereira se realiz\u00f3 el 5\u00ba Encuentro Colombiano de Gesti\u00f3n Universitaria. All\u00ed se trat\u00f3 el papel de las Universidades en los temas de paz y la importancia de los espacios de Gesti\u00f3n Universitaria.<\/span><\/p>\n\n\n\n<p><span class=\"post-content__span\"> El rector de la UTP, Luis Fernando Gaviria Trujillo, record\u00f3 que la Ley 30 de 1992 cre\u00f3 y estableci\u00f3 los objetivos del SUE (Sistema Universitario Estatal) que se fundamenta por la participaci\u00f3n y el fortalecimiento de estas instituciones. Hay que tener en cuenta que el SUE ha generado una agenda de trabajo que prioriza los siguientes temas: financiamiento del Sistema, acreditaci\u00f3n institucional de las universidades, investigaci\u00f3n extensi\u00f3n del Sistema Nacional de Educaci\u00f3n Terciaria, y Plan Decenal de Educaci\u00f3n y Gobernabilidad y Paz.<\/p>\n\n\n\n<p><span class=\"post-content__span\"> Frente a este \u00faltimo tema, el Rector de la UTP se refiri\u00f3 como uno de los puntos m\u00e1s importantes, pues el SUE emiti\u00f3 una declaraci\u00f3n oficial manifestando su compromiso con el Proceso de Paz, enfatizando los siguientes puntos:<\/p>\n\n\n\n<ul class=\"wp-block-list\"><li>Apoyo a los mecanismos de refrendaci\u00f3n de los acuerdos<\/li><li>Intervenci\u00f3n de los territorios para el logro de la paz con justicia social<\/li><li>Formaci\u00f3n como gestores de paz de los desmovilizados<\/li><li>Acompa\u00f1amiento y compromiso con las v\u00edctimas<\/li><li>Modernizaci\u00f3n del Estado Colombiano para el posconflicto y fortalecimiento<\/li><li>Asesor\u00eda de los gobiernos locales<\/li><li>Promoci\u00f3n y fortalecimiento de una cultura de paz<\/li><li>Apoyo a la investigaci\u00f3n para la paz<\/li><li>Formaci\u00f3n de ciudadanos cr\u00edticos y participativos<\/li><li>Apoyo a las pr\u00e1cticas profesionales de los estudiantes para la paz y las universidades territorios de paz<\/li><\/ul>\n\n\n\n<p><span class=\"post-content__span\"> Adem\u00e1s de lo anterior, se adelantan actividades para ratificar dicha posici\u00f3n, entre las que se destacan los conversatorios, marchas y conciertos por la paz.<\/p>\n\n\n\n<p><span class=\"post-content__span\"> As\u00ed mismo, el Rector fue reiterativo en la necesidad de fortalecer la capacidad de las universidades para trabajar en red atendiendo los contenidos del Dec\u00e1logo de Compromisos con la Paz.<\/p>\n\n\n\n<p><span class=\"post-content__span\"> Por otro lado, Daniel Samoilovich, conferencista invitado, frente al tema de la Gesti\u00f3n Universitaria, manifest\u00f3 que: \u201dYo quiero decir que cada Instituci\u00f3n puede construir la caja propia de comunicadores en funci\u00f3n a sus propios objetivos, porque de lo contrario se pone el carro delante del caballo, es decir, est\u00e1n los indicadores por delante de los objetivos y debe ser al rev\u00e9s: son los objetivos los que nos permiten el seguir donde estamos parados y qu\u00e9 es lo que tenemos que hacer, a d\u00f3nde queremos llegar\u201d.<\/p>\n","protected":false},"excerpt":{"rendered":"<p>5\u00ba Encuentro Colombiano de Gesti\u00f3n Universitaria En la Universidad Tecnol\u00f3gica de Pereira se realiz\u00f3 el 5\u00ba Encuentro Colombiano de Gesti\u00f3n [&hellip;]<\/p>\n","protected":false},"author":0,"featured_media":60080,"comment_status":"closed","ping_status":"closed","sticky":false,"template":"","format":"standard","meta":{"footnotes":""},"categories":[3],"tags":[],"class_list":["post-2321","post","type-post","status-publish","format-standard","has-post-thumbnail","hentry","category-noticias"],"_links":{"self":[{"href":"https:\/\/vicerrectorias.utp.edu.co\/responsabilidad-social\/wp-json\/wp\/v2\/posts\/2321","targetHints":{"allow":["GET"]}}],"collection":[{"href":"https:\/\/vicerrectorias.utp.edu.co\/responsabilidad-social\/wp-json\/wp\/v2\/posts"}],"about":[{"href":"https:\/\/vicerrectorias.utp.edu.co\/responsabilidad-social\/wp-json\/wp\/v2\/types\/post"}],"replies":[{"embeddable":true,"href":"https:\/\/vicerrectorias.utp.edu.co\/responsabilidad-social\/wp-json\/wp\/v2\/comments?post=2321"}],"version-history":[{"count":1,"href":"https:\/\/vicerrectorias.utp.edu.co\/responsabilidad-social\/wp-json\/wp\/v2\/posts\/2321\/revisions"}],"predecessor-version":[{"id":9398,"href":"https:\/\/vicerrectorias.utp.edu.co\/responsabilidad-social\/wp-json\/wp\/v2\/posts\/2321\/revisions\/9398"}],"wp:featuredmedia":[{"embeddable":true,"href":"https:\/\/vicerrectorias.utp.edu.co\/responsabilidad-social\/wp-json\/wp\/v2\/media\/60080"}],"wp:attachment":[{"href":"https:\/\/vicerrectorias.utp.edu.co\/responsabilidad-social\/wp-json\/wp\/v2\/media?parent=2321"}],"wp:term":[{"taxonomy":"category","embeddable":true,"href":"https:\/\/vicerrectorias.utp.edu.co\/responsabilidad-social\/wp-json\/wp\/v2\/categories?post=2321"},{"taxonomy":"post_tag","embeddable":true,"href":"https:\/\/vicerrectorias.utp.edu.co\/responsabilidad-social\/wp-json\/wp\/v2\/tags?post=2321"}],"curies":[{"name":"wp","href":"https:\/\/api.w.org\/{rel}","templated":true}]}}