{"id":2311,"date":"2016-09-23T09:02:43","date_gmt":"2016-09-23T07:02:43","guid":{"rendered":""},"modified":"2024-08-15T15:52:53","modified_gmt":"2024-08-15T13:52:53","slug":"conozca-la-agenda-utpaz","status":"publish","type":"post","link":"https:\/\/vicerrectorias.utp.edu.co\/responsabilidad-social\/conozca-la-agenda-utpaz\/","title":{"rendered":"Conozca la agenda UTPaz"},"content":{"rendered":"\n<p><span class=\"post-content__span\"> Conozca la agenda UTPaz<\/p>\n\n\n\n<p><span class=\"post-content__span\"> <img decoding=\"async\" alt=\"Conozca la agenda UTPaz\" src=\"https:\/\/comunicaciones.utp.edu.co\/wp-content\/uploads\/sites\/2\/agenda-utpaz.jpg\">Con el prop\u00f3sito de hacer de septiembre el Mes de la Paz, la Universidad Tecnol\u00f3gica de Pereira invita a la comunidad en general a participar de la&nbsp;<strong>Agenda UTPaz<\/strong>, una iniciativa cultural y pedag\u00f3gica que busca promover la participaci\u00f3n ciudadana.&nbsp;<\/p>\n\n\n\n<p><span class=\"post-content__span\"> <strong>Cronograma:<\/strong><\/p>\n\n\n\n<ul class=\"wp-block-list\"><li><strong>(Viernes 23 septiembre)&nbsp;<\/strong>foro&nbsp; \u201cLa Pedagog\u00eda de la Paz y la Planeaci\u00f3n en el Posconflicto\u201d a cargo del&nbsp; Director del Departamento Nacional de Planeaci\u00f3n, Sim\u00f3n Gaviria Mu\u00f1oz.<\/li><\/ul>\n\n\n\n<p><span class=\"post-content__span\"> Hora: 3:00 p. m. &nbsp;&nbsp;&nbsp;&nbsp;&nbsp;&nbsp;&nbsp;&nbsp;<\/p>\n\n\n\n<p><span class=\"post-content__span\"> Lugar: Coliseo de La Julita (sede UTP)<\/p>\n\n\n\n<ul class=\"wp-block-list\"><li><strong>(Lunes 26 septiembre)<\/strong>&nbsp;Para el evento 26 de septiembre marcha por la Paz:&nbsp;<em>\u201cS\u00famate a la fiesta y v\u00edstete de Carnaval\u201d.&nbsp;<\/em>Este d\u00eda nos vemos a las 2:30 p.m. en el Parqueadero Central de la UTP, para decirle S\u00cd a la Paz.&nbsp;&nbsp;<em>Lleva tu camisa blanca.<\/em><\/li><\/ul>\n\n\n\n<ul class=\"wp-block-list\"><li><strong>(Jueves 29 septiembre)<\/strong>&nbsp;Gran concierto por la Paz&nbsp;<em>\u201cM\u00fasica para la reconciliaci\u00f3n\u201d.<\/em><\/li><\/ul>\n\n\n\n<p><span class=\"post-content__span\"> &nbsp;&nbsp;&nbsp;&nbsp;&nbsp;&nbsp;&nbsp;&nbsp;&nbsp; &nbsp;Hora: 7:00 p.m.<\/p>\n\n\n\n<p><span class=\"post-content__span\"> &nbsp;&nbsp;&nbsp;&nbsp;&nbsp;&nbsp;&nbsp;&nbsp;&nbsp;&nbsp; Lugar: Catedral de Pereira&nbsp; \/ Calle 21 No. 7-35 \u2013 Centro.<\/p>\n\n\n\n<p><span class=\"post-content__span\"> <a rel=\"nofollow\" href=\"https:\/\/www.utp.edu.co\/cms-utp\/data\/bin\/UTP\/web\/uploads\/media\/comunicaciones\/documentos\/AgendaPaz.pdf\">Ver agenda Paz<\/a><\/p>\n","protected":false},"excerpt":{"rendered":"<p>Conozca la agenda UTPaz Con el prop\u00f3sito de hacer de septiembre el Mes de la Paz, la Universidad Tecnol\u00f3gica de [&hellip;]<\/p>\n","protected":false},"author":0,"featured_media":60079,"comment_status":"closed","ping_status":"closed","sticky":false,"template":"","format":"standard","meta":{"footnotes":""},"categories":[3],"tags":[],"class_list":["post-2311","post","type-post","status-publish","format-standard","has-post-thumbnail","hentry","category-noticias"],"_links":{"self":[{"href":"https:\/\/vicerrectorias.utp.edu.co\/responsabilidad-social\/wp-json\/wp\/v2\/posts\/2311","targetHints":{"allow":["GET"]}}],"collection":[{"href":"https:\/\/vicerrectorias.utp.edu.co\/responsabilidad-social\/wp-json\/wp\/v2\/posts"}],"about":[{"href":"https:\/\/vicerrectorias.utp.edu.co\/responsabilidad-social\/wp-json\/wp\/v2\/types\/post"}],"replies":[{"embeddable":true,"href":"https:\/\/vicerrectorias.utp.edu.co\/responsabilidad-social\/wp-json\/wp\/v2\/comments?post=2311"}],"version-history":[{"count":1,"href":"https:\/\/vicerrectorias.utp.edu.co\/responsabilidad-social\/wp-json\/wp\/v2\/posts\/2311\/revisions"}],"predecessor-version":[{"id":9397,"href":"https:\/\/vicerrectorias.utp.edu.co\/responsabilidad-social\/wp-json\/wp\/v2\/posts\/2311\/revisions\/9397"}],"wp:featuredmedia":[{"embeddable":true,"href":"https:\/\/vicerrectorias.utp.edu.co\/responsabilidad-social\/wp-json\/wp\/v2\/media\/60079"}],"wp:attachment":[{"href":"https:\/\/vicerrectorias.utp.edu.co\/responsabilidad-social\/wp-json\/wp\/v2\/media?parent=2311"}],"wp:term":[{"taxonomy":"category","embeddable":true,"href":"https:\/\/vicerrectorias.utp.edu.co\/responsabilidad-social\/wp-json\/wp\/v2\/categories?post=2311"},{"taxonomy":"post_tag","embeddable":true,"href":"https:\/\/vicerrectorias.utp.edu.co\/responsabilidad-social\/wp-json\/wp\/v2\/tags?post=2311"}],"curies":[{"name":"wp","href":"https:\/\/api.w.org\/{rel}","templated":true}]}}