{"id":231,"date":"2014-07-01T16:32:09","date_gmt":"2014-07-01T14:32:09","guid":{"rendered":""},"modified":"2024-08-15T15:53:08","modified_gmt":"2024-08-15T13:53:08","slug":"sue-solicita-continuidad-de-la-ministra-de-educaci","status":"publish","type":"post","link":"https:\/\/vicerrectorias.utp.edu.co\/responsabilidad-social\/sue-solicita-continuidad-de-la-ministra-de-educaci\/","title":{"rendered":"SUE Solicita continuidad de la Ministra de Educaci"},"content":{"rendered":"\n<p><span class=\"post-content__span\"> Los rectores de las universidades que hacen parte del &nbsp;Sistema Universitario Estatal &#8211; SUE, acordaron solicitarle al Presidente Juan Manuel Santos la continuidad de la Ministra de Educaci\u00f3n Mar\u00eda Fernanda CampoSaavedra&nbsp;en su gabinete&nbsp;de gobierno, dada la importancia que tiene su continuidad para procesos vigentes.<\/p>\n\n\n\n<p><span class=\"post-content__span\"> La petici\u00f3n se realiz\u00f3 el mi\u00e9rcoles 25 de junio de 2014 a trav\u00e9s del siguiente documento:<\/p>\n\n\n\n<p><span class=\"post-content__span\"> SUE Solicita continuidad de la Ministra de Educaci\u00f3n en el Gobierno del Presidente Santos<\/p>\n\n\n\n<p><span class=\"post-content__span\"> Respetado Sr Presidente:<\/p>\n\n\n\n<p><span class=\"post-content__span\"> Los rectores del Sistema Universitario Estatal- SUE, reunidos el mi\u00e9rcoles 25 del mes en curso, considerando el desenlace de las elecciones presidenciales que favorecieron su propuesta program\u00e1tica y ante la pr\u00f3xima configuraci\u00f3n del nuevo equipo de Gobierno, se permiten sugerir respetuosamente la continuidad&nbsp;de la Sra. Ministra de Educaci\u00f3n, Dra. Mar\u00eda Fernanda Campo Saavedra, lo que a su vez tranquiliza sobre la suerte de importantes iniciativas que se encuentran en curso, entre las que podr\u00edamos citar las relacionadas a las pol\u00edticas de primera infancia, formaci\u00f3n inicial de maestros, educaci\u00f3n inclusiva, calidad, biling\u00fcismo y Educaci\u00f3n Superior.<\/p>\n\n\n\n<p><span class=\"post-content__span\"> Todas ellas responden a largos procesos de incubaci\u00f3n, an\u00e1lisis y concertaci\u00f3n; su concreci\u00f3n e implementaci\u00f3n aconseja mantener el ritmo y la din\u00e1mica alcanzadas durante los \u00faltimos a\u00f1os, mediante un ejercicio de di\u00e1logo y construcci\u00f3n de confianza, indispensables para conseguir el \u00e9xito deseado.<\/p>\n\n\n\n<p><span class=\"post-content__span\"> No sobra agregar que las transformaciones que requiere la sociedad implican un sistema educativo inclusivo, de calidad, pertinente, que soporte y fundamente la Investigaci\u00f3n, la Tecnolog\u00eda y la Innovaci\u00f3n, con prop\u00f3sitos de largo plazo, inmunes a los bandazos que suelen esterilizar los esfuerzos desplegados.<\/p>\n\n\n\n<p><span class=\"post-content__span\"> Aprovechamos para felicitarlo Sr Presidente y desearle que su segundo mandato pueda mejorar ostensiblemente las condiciones de la naci\u00f3n, incluidas aquellas que se derivan de su programa de campa\u00f1a en Educaci\u00f3n Superior y en especial lograr alcanzar en los mejores t\u00e9rminos la anhelada paz que reclaman los colombianos sin excepci\u00f3n. Para este prop\u00f3sito puede contar con la participaci\u00f3n de las Universidades en lo que considere necesario.<\/p>\n\n\n\n<p><span class=\"post-content__span\"> Agradecemos Sr. Presidente la atenci\u00f3n que le merezca nuestra respetuosa&nbsp;<\/p>\n\n\n\n<p><span class=\"post-content__span\"> Solicitud.<\/p>\n\n\n\n<p><span class=\"post-content__span\"> <strong>LUIS ENRIQUE ARANGO JIM\u00c9NEZ<\/strong><\/p>\n\n\n\n<p><span class=\"post-content__span\"> Presidente<\/p>\n\n\n\n<p><span class=\"post-content__span\"> Sistema Universitario Estatal<\/p>\n","protected":false},"excerpt":{"rendered":"<p>Los rectores de las universidades que hacen parte del &nbsp;Sistema Universitario Estatal &#8211; SUE, acordaron solicitarle al Presidente Juan Manuel [&hellip;]<\/p>\n","protected":false},"author":0,"featured_media":0,"comment_status":"closed","ping_status":"closed","sticky":false,"template":"","format":"standard","meta":{"footnotes":""},"categories":[3],"tags":[],"class_list":["post-231","post","type-post","status-publish","format-standard","hentry","category-noticias"],"_links":{"self":[{"href":"https:\/\/vicerrectorias.utp.edu.co\/responsabilidad-social\/wp-json\/wp\/v2\/posts\/231","targetHints":{"allow":["GET"]}}],"collection":[{"href":"https:\/\/vicerrectorias.utp.edu.co\/responsabilidad-social\/wp-json\/wp\/v2\/posts"}],"about":[{"href":"https:\/\/vicerrectorias.utp.edu.co\/responsabilidad-social\/wp-json\/wp\/v2\/types\/post"}],"replies":[{"embeddable":true,"href":"https:\/\/vicerrectorias.utp.edu.co\/responsabilidad-social\/wp-json\/wp\/v2\/comments?post=231"}],"version-history":[{"count":1,"href":"https:\/\/vicerrectorias.utp.edu.co\/responsabilidad-social\/wp-json\/wp\/v2\/posts\/231\/revisions"}],"predecessor-version":[{"id":9759,"href":"https:\/\/vicerrectorias.utp.edu.co\/responsabilidad-social\/wp-json\/wp\/v2\/posts\/231\/revisions\/9759"}],"wp:attachment":[{"href":"https:\/\/vicerrectorias.utp.edu.co\/responsabilidad-social\/wp-json\/wp\/v2\/media?parent=231"}],"wp:term":[{"taxonomy":"category","embeddable":true,"href":"https:\/\/vicerrectorias.utp.edu.co\/responsabilidad-social\/wp-json\/wp\/v2\/categories?post=231"},{"taxonomy":"post_tag","embeddable":true,"href":"https:\/\/vicerrectorias.utp.edu.co\/responsabilidad-social\/wp-json\/wp\/v2\/tags?post=231"}],"curies":[{"name":"wp","href":"https:\/\/api.w.org\/{rel}","templated":true}]}}