{"id":2301,"date":"2016-09-21T12:06:29","date_gmt":"2016-09-21T10:06:29","guid":{"rendered":""},"modified":"2024-08-20T16:41:58","modified_gmt":"2024-08-20T14:41:58","slug":"v-encuentro-colombiano-de-gestion-universitaria","status":"publish","type":"post","link":"https:\/\/vicerrectorias.utp.edu.co\/responsabilidad-social\/v-encuentro-colombiano-de-gestion-universitaria\/","title":{"rendered":"V Encuentro Colombiano de Gesti\u00f3n Universitaria"},"content":{"rendered":"\n<p><span class=\"post-content__span\"> <object height=\"360\" width=\"640\"><param name=\"movie\" value=\"\/\/www.youtube.com\/v\/sBdKvHxEjOk?hl=es_CO&amp;version=3\"><\/param><param name=\"allowFullScreen\" value=\"true\"><\/param><param name=\"allowscriptaccess\" value=\"always\"><\/param><embed allowscriptaccess=\"always\" height=\"360\" src=\"\/\/www.youtube.com\/v\/sBdKvHxEjOk?hl=es_CO&amp;version=3\" type=\"application\/x-shockwave-flash\" width=\"640\"><\/embed><\/object><\/p>\n\n\n\n<p><span class=\"post-content__span\"> <span>Este a\u00f1o, la Universidad Tecnol\u00f3gica de Pereira ser\u00e1 la sede del\u00a0<em>V Encuentro de Gesti\u00f3n Universitaria del SUE<\/em><\/span><span>, el cual se llevar\u00e1 a cabo en la ciudad de Pereira los d\u00edas 22 y 23 de septiembre.<\/span><\/p>\n\n\n\n<p><span class=\"post-content__span\"> El Encuentro est\u00e1 dirigido a rectores, vicerrectores, directivos, acad\u00e9micos y profesionales que tengan responsabilidades o participaci\u00f3n en la direcci\u00f3n y gesti\u00f3n de las Universidades e Instituciones de Educaci\u00f3n Superior p\u00fablicas y privadas.<\/p>\n\n\n\n<p><span class=\"post-content__span\"> Las l\u00edneas tem\u00e1ticas planteadas para el V Encuentro son las siguientes:<\/p>\n\n\n\n<ul class=\"wp-block-list\">\n<li>Gesti\u00f3n Financiera<\/li>\n\n\n\n<li>Gesti\u00f3n Administrativa<\/li>\n\n\n\n<li>Desarrollo F\u00edsico y Sostenibilidad<\/li>\n\n\n\n<li>Investigaci\u00f3n e Innovaci\u00f3n<\/li>\n<\/ul>\n\n\n\n<p><span class=\"post-content__span\"> El&nbsp;<span>Sistema Universitario Estatal SUE<\/span>&nbsp;viene organizando desde el a\u00f1o 2012 un encuentro anual sobre gesti\u00f3n universitaria, con el prop\u00f3sito de propiciar y consolidar un espacio de reflexi\u00f3n, conceptualizaci\u00f3n e intercambio de experiencias en materia de gesti\u00f3n universitaria. Estos encuentros han contado con el apoyo y participaci\u00f3n del Ministerio de Educaci\u00f3n Nacional (MEN) y de la Asociaci\u00f3n Colombiana de Universidades (ASCUN).<\/p>\n\n\n\n<p><span class=\"post-content__span\"> Los Encuentros realizados a la fecha y la sede donde se llevaron a cabo se presentan a continuaci\u00f3n:<\/p>\n\n\n\n<ul class=\"wp-block-list\">\n<li>I Encuentro de Gesti\u00f3n Universitaria A\u00f1o 2012: Universidad del Magdalena.<\/li>\n\n\n\n<li>II Encuentro de Gesti\u00f3n Universitaria A\u00f1o 2013: Universidad de Caldas.<\/li>\n\n\n\n<li>III Encuentro de Gesti\u00f3n Universitaria A\u00f1o 2014: Universidad Nacional de Colombia.<\/li>\n\n\n\n<li>IV Encuentro de Gesti\u00f3n Universitaria A\u00f1o 2015: Universidad del Valle.<\/li>\n<\/ul>\n\n\n\n<p><span class=\"post-content__span\"> <strong><em><a rel=\"nofollow\" href=\"https:\/\/vencuentrogestionsue.utp.edu.co\/sobre-el-encuentro\/introduccion.html\">Visite la p\u00e1gina para conocer toda la informaci\u00f3n<\/a><\/em><\/strong><\/p>\n","protected":false},"excerpt":{"rendered":"<p>Este a\u00f1o, la Universidad Tecnol\u00f3gica de Pereira ser\u00e1 la sede del\u00a0V Encuentro de Gesti\u00f3n Universitaria del SUE, el cual se [&hellip;]<\/p>\n","protected":false},"author":0,"featured_media":60078,"comment_status":"closed","ping_status":"closed","sticky":false,"template":"","format":"standard","meta":{"footnotes":""},"categories":[3],"tags":[],"class_list":["post-2301","post","type-post","status-publish","format-standard","has-post-thumbnail","hentry","category-noticias"],"_links":{"self":[{"href":"https:\/\/vicerrectorias.utp.edu.co\/responsabilidad-social\/wp-json\/wp\/v2\/posts\/2301","targetHints":{"allow":["GET"]}}],"collection":[{"href":"https:\/\/vicerrectorias.utp.edu.co\/responsabilidad-social\/wp-json\/wp\/v2\/posts"}],"about":[{"href":"https:\/\/vicerrectorias.utp.edu.co\/responsabilidad-social\/wp-json\/wp\/v2\/types\/post"}],"replies":[{"embeddable":true,"href":"https:\/\/vicerrectorias.utp.edu.co\/responsabilidad-social\/wp-json\/wp\/v2\/comments?post=2301"}],"version-history":[{"count":2,"href":"https:\/\/vicerrectorias.utp.edu.co\/responsabilidad-social\/wp-json\/wp\/v2\/posts\/2301\/revisions"}],"predecessor-version":[{"id":61363,"href":"https:\/\/vicerrectorias.utp.edu.co\/responsabilidad-social\/wp-json\/wp\/v2\/posts\/2301\/revisions\/61363"}],"wp:featuredmedia":[{"embeddable":true,"href":"https:\/\/vicerrectorias.utp.edu.co\/responsabilidad-social\/wp-json\/wp\/v2\/media\/60078"}],"wp:attachment":[{"href":"https:\/\/vicerrectorias.utp.edu.co\/responsabilidad-social\/wp-json\/wp\/v2\/media?parent=2301"}],"wp:term":[{"taxonomy":"category","embeddable":true,"href":"https:\/\/vicerrectorias.utp.edu.co\/responsabilidad-social\/wp-json\/wp\/v2\/categories?post=2301"},{"taxonomy":"post_tag","embeddable":true,"href":"https:\/\/vicerrectorias.utp.edu.co\/responsabilidad-social\/wp-json\/wp\/v2\/tags?post=2301"}],"curies":[{"name":"wp","href":"https:\/\/api.w.org\/{rel}","templated":true}]}}