{"id":229,"date":"2014-06-27T08:51:16","date_gmt":"2014-06-27T06:51:16","guid":{"rendered":""},"modified":"2024-08-15T14:36:19","modified_gmt":"2024-08-15T12:36:19","slug":"asputp-rechaza-amenazas","status":"publish","type":"post","link":"https:\/\/vicerrectorias.utp.edu.co\/responsabilidad-social\/asputp-rechaza-amenazas\/","title":{"rendered":"Asputp rechaza amenazas"},"content":{"rendered":"\n<h2 class=\"wp-block-heading\">Asputp rechaza amenazas<\/h2>\n\n\n\n<p><span class=\"post-content__span\"> <a rel=\"noreferrer noopener\" href=\"https:\/\/comunicaciones.utp.edu.co\/sin-categoria\/25673\/asputp-rechaza-amenazas\/pdf\" target=\"_blank\"><\/a><a href=\"https:\/\/comunicaciones.utp.edu.co\/sin-categoria\/25673\/asputp-rechaza-amenazas\"><\/a><\/p>\n\n\n\n<p><span class=\"post-content__span\"> <img loading=\"lazy\" decoding=\"async\" src=\"https:\/\/comunicaciones.utp.edu.co\/wp-content\/uploads\/sites\/2\/ASPU.jpg\" alt=\"Asputp rechaza amenazas \" width=\"156\" height=\"104\">A continuaci\u00f3n &nbsp;el comunicado a la opini\u00f3n p\u00fablica emitido por Asputp donde rechaza las amenazas que pretenden aterrorizar al estudiantado y a la comunidad universitaria.&nbsp;<\/p>\n\n\n\n<p><span class=\"post-content__span\"> <a href=\"https:\/\/www.utp.edu.co\/cms-utp\/data\/bin\/UTP\/web\/uploads\/media\/comunicaciones\/documentos\/Comunicado-ASPUTP-Rechaza-Amenazas.pdf\">Comunicado ASPUTP<\/a><\/p>\n","protected":false},"excerpt":{"rendered":"<p>Asputp rechaza amenazas A continuaci\u00f3n &nbsp;el comunicado a la opini\u00f3n p\u00fablica emitido por Asputp donde rechaza las amenazas que pretenden [&hellip;]<\/p>\n","protected":false},"author":0,"featured_media":0,"comment_status":"closed","ping_status":"closed","sticky":false,"template":"","format":"standard","meta":{"footnotes":""},"categories":[3],"tags":[],"class_list":["post-229","post","type-post","status-publish","format-standard","hentry","category-noticias"],"_links":{"self":[{"href":"https:\/\/vicerrectorias.utp.edu.co\/responsabilidad-social\/wp-json\/wp\/v2\/posts\/229","targetHints":{"allow":["GET"]}}],"collection":[{"href":"https:\/\/vicerrectorias.utp.edu.co\/responsabilidad-social\/wp-json\/wp\/v2\/posts"}],"about":[{"href":"https:\/\/vicerrectorias.utp.edu.co\/responsabilidad-social\/wp-json\/wp\/v2\/types\/post"}],"replies":[{"embeddable":true,"href":"https:\/\/vicerrectorias.utp.edu.co\/responsabilidad-social\/wp-json\/wp\/v2\/comments?post=229"}],"version-history":[{"count":2,"href":"https:\/\/vicerrectorias.utp.edu.co\/responsabilidad-social\/wp-json\/wp\/v2\/posts\/229\/revisions"}],"predecessor-version":[{"id":9760,"href":"https:\/\/vicerrectorias.utp.edu.co\/responsabilidad-social\/wp-json\/wp\/v2\/posts\/229\/revisions\/9760"}],"wp:attachment":[{"href":"https:\/\/vicerrectorias.utp.edu.co\/responsabilidad-social\/wp-json\/wp\/v2\/media?parent=229"}],"wp:term":[{"taxonomy":"category","embeddable":true,"href":"https:\/\/vicerrectorias.utp.edu.co\/responsabilidad-social\/wp-json\/wp\/v2\/categories?post=229"},{"taxonomy":"post_tag","embeddable":true,"href":"https:\/\/vicerrectorias.utp.edu.co\/responsabilidad-social\/wp-json\/wp\/v2\/tags?post=229"}],"curies":[{"name":"wp","href":"https:\/\/api.w.org\/{rel}","templated":true}]}}