{"id":2281,"date":"2016-09-20T10:03:21","date_gmt":"2016-09-20T08:03:21","guid":{"rendered":""},"modified":"2024-08-15T15:52:53","modified_gmt":"2024-08-15T13:52:53","slug":"exito-total-primer-encuentro-de-jovenes-en-accion","status":"publish","type":"post","link":"https:\/\/vicerrectorias.utp.edu.co\/responsabilidad-social\/exito-total-primer-encuentro-de-jovenes-en-accion\/","title":{"rendered":"\u00c9xito total primer encuentro de J\u00f3venes en Acci\u00f3n"},"content":{"rendered":"\n<p><span class=\"post-content__span\"> Con una asistencia multitudinaria cargada de arte, cultura y diversi\u00f3n se realiz\u00f3 el Primer Encuentro de J\u00f3venes en Acci\u00f3n de la UTP.<\/p>\n\n\n\n<figure class=\"wp-block-image\"><img decoding=\"async\" src=\"https:\/\/vicerrectorias.utp.edu.co\/responsabilidad-social\/wp-content\/uploads\/sites\/12\/IMG_1693.JPG\" alt=\"\"\/><\/figure>\n\n\n\n<figure class=\"wp-block-image\"><img decoding=\"async\" src=\"https:\/\/vicerrectorias.utp.edu.co\/responsabilidad-social\/wp-content\/uploads\/sites\/12\/IMG_1760.JPG\" alt=\"\"\/><\/figure>\n\n\n\n<p><span class=\"post-content__span\"> Un camino de habilidades para la vida y un tendedero lleno de sue\u00f1os recibieron a los j\u00f3venes que participaron de este importante programa del DPS en el que la Universidad Tecnol\u00f3gica de Pereira es l\u00edder a nivel nacional.<\/p>\n\n\n\n<p><span class=\"post-content__span\"> En el evento se realizaron muestras culturales a cargo del SENA de Dosquebradas, que ameniz\u00f3 con su orquesta la jornada, la Universidad Cooperativa, con un grupo de teatro y la UTP con un show de cuenter\u00eda, que sacaron risas a estudiantes y administrativos asistentes.<\/p>\n\n\n\n<p><span class=\"post-content__span\"> Vanessa Aristiz\u00e1bal Hincapi\u00e9, como encargada del &nbsp;programa de J\u00f3venes en Acci\u00f3n y representante del Departamento para Prosperidad Social en el Departamento, explic\u00f3 el prop\u00f3sito de la actividad: \u201cLos integrantes de J\u00f3venes en Acci\u00f3n se deben reconocer como una comunidad activa e integrada en la comunidad universitaria y como integrantes de esta, se buscan lograr el objetivo de su permanencia y mejorar la calidad de la educaci\u00f3n superior, tambi\u00e9n que como j\u00f3venes alcancen sus metas en alianza con el Departamento de Prosperidad Social y J\u00f3venes en Acci\u00f3n\u201d.<\/p>\n\n\n\n<p><span class=\"post-content__span\"> As\u00ed mismo, el rector de la UTP, Luis Fernando Gaviria Trujillo asisti\u00f3 al evento e hizo un recorrido por las instalaciones de La Julita, destacando las actividades para los estudiantes, posteriormente en su discurso de apertura anim\u00f3 a los j\u00f3venes beneficiarios del Programa a cumplir con el reglamento que les permite su continuidad en el proyecto como proceso que apoya su permanencia en la Universidad.<\/p>\n\n\n\n<p><span class=\"post-content__span\"> Por otro lado, participaron en esta jornada: Sociedad en Movimiento con el C\u00edrculo virtuoso con los estudiantes del Colegio Jaime Salazar Robledo y el CIDT, entre otras entidades.<\/p>\n","protected":false},"excerpt":{"rendered":"<p>Con una asistencia multitudinaria cargada de arte, cultura y diversi\u00f3n se realiz\u00f3 el Primer Encuentro de J\u00f3venes en Acci\u00f3n de [&hellip;]<\/p>\n","protected":false},"author":0,"featured_media":60075,"comment_status":"closed","ping_status":"closed","sticky":false,"template":"","format":"standard","meta":{"footnotes":""},"categories":[3],"tags":[],"class_list":["post-2281","post","type-post","status-publish","format-standard","has-post-thumbnail","hentry","category-noticias"],"_links":{"self":[{"href":"https:\/\/vicerrectorias.utp.edu.co\/responsabilidad-social\/wp-json\/wp\/v2\/posts\/2281","targetHints":{"allow":["GET"]}}],"collection":[{"href":"https:\/\/vicerrectorias.utp.edu.co\/responsabilidad-social\/wp-json\/wp\/v2\/posts"}],"about":[{"href":"https:\/\/vicerrectorias.utp.edu.co\/responsabilidad-social\/wp-json\/wp\/v2\/types\/post"}],"replies":[{"embeddable":true,"href":"https:\/\/vicerrectorias.utp.edu.co\/responsabilidad-social\/wp-json\/wp\/v2\/comments?post=2281"}],"version-history":[{"count":1,"href":"https:\/\/vicerrectorias.utp.edu.co\/responsabilidad-social\/wp-json\/wp\/v2\/posts\/2281\/revisions"}],"predecessor-version":[{"id":9401,"href":"https:\/\/vicerrectorias.utp.edu.co\/responsabilidad-social\/wp-json\/wp\/v2\/posts\/2281\/revisions\/9401"}],"wp:featuredmedia":[{"embeddable":true,"href":"https:\/\/vicerrectorias.utp.edu.co\/responsabilidad-social\/wp-json\/wp\/v2\/media\/60075"}],"wp:attachment":[{"href":"https:\/\/vicerrectorias.utp.edu.co\/responsabilidad-social\/wp-json\/wp\/v2\/media?parent=2281"}],"wp:term":[{"taxonomy":"category","embeddable":true,"href":"https:\/\/vicerrectorias.utp.edu.co\/responsabilidad-social\/wp-json\/wp\/v2\/categories?post=2281"},{"taxonomy":"post_tag","embeddable":true,"href":"https:\/\/vicerrectorias.utp.edu.co\/responsabilidad-social\/wp-json\/wp\/v2\/tags?post=2281"}],"curies":[{"name":"wp","href":"https:\/\/api.w.org\/{rel}","templated":true}]}}