{"id":228,"date":"2014-06-27T08:49:24","date_gmt":"2014-06-27T06:49:24","guid":{"rendered":""},"modified":"2024-08-16T07:21:11","modified_gmt":"2024-08-16T05:21:11","slug":"centro-de-estudios-de-genero-utp-rechaza-amenazas","status":"publish","type":"post","link":"https:\/\/vicerrectorias.utp.edu.co\/responsabilidad-social\/centro-de-estudios-de-genero-utp-rechaza-amenazas\/","title":{"rendered":"Centro de Estudios de G\u00e9nero UTP, rechaza amenazas"},"content":{"rendered":"\n<h2 class=\"wp-block-heading\">Centro de Estudios de G\u00e9nero UTP, rechaza amenazas<\/h2>\n\n\n\n<p><span class=\"post-content__span\"> <a rel=\"noreferrer noopener\" href=\"https:\/\/comunicaciones.utp.edu.co\/sin-categoria\/25670\/centro-de-estudios-de-genero-utp-rechaza-amenazas\/pdf\" target=\"_blank\"><\/a><a href=\"https:\/\/comunicaciones.utp.edu.co\/sin-categoria\/25670\/centro-de-estudios-de-genero-utp-rechaza-amenazas\"><\/a><\/p>\n\n\n\n<p><span class=\"post-content__span\"> A continuaci\u00f3n se publica el comunicado del grupo Centro de Estudios de G\u00e9nero de la UTP, donde rechaza las amenazas a Representantes Estudiantiles y l\u00edderes del movimiento estudiantil de la Universidad Tecnol\u00f3gica de Pereira, y extiende su solidaridad a los integrantes de la comunidad universitaria.<\/p>\n","protected":false},"excerpt":{"rendered":"<p>Centro de Estudios de G\u00e9nero UTP, rechaza amenazas A continuaci\u00f3n se publica el comunicado del grupo Centro de Estudios de [&hellip;]<\/p>\n","protected":false},"author":0,"featured_media":0,"comment_status":"closed","ping_status":"closed","sticky":false,"template":"","format":"standard","meta":{"footnotes":""},"categories":[3],"tags":[],"class_list":["post-228","post","type-post","status-publish","format-standard","hentry","category-noticias"],"_links":{"self":[{"href":"https:\/\/vicerrectorias.utp.edu.co\/responsabilidad-social\/wp-json\/wp\/v2\/posts\/228","targetHints":{"allow":["GET"]}}],"collection":[{"href":"https:\/\/vicerrectorias.utp.edu.co\/responsabilidad-social\/wp-json\/wp\/v2\/posts"}],"about":[{"href":"https:\/\/vicerrectorias.utp.edu.co\/responsabilidad-social\/wp-json\/wp\/v2\/types\/post"}],"replies":[{"embeddable":true,"href":"https:\/\/vicerrectorias.utp.edu.co\/responsabilidad-social\/wp-json\/wp\/v2\/comments?post=228"}],"version-history":[{"count":2,"href":"https:\/\/vicerrectorias.utp.edu.co\/responsabilidad-social\/wp-json\/wp\/v2\/posts\/228\/revisions"}],"predecessor-version":[{"id":60816,"href":"https:\/\/vicerrectorias.utp.edu.co\/responsabilidad-social\/wp-json\/wp\/v2\/posts\/228\/revisions\/60816"}],"wp:attachment":[{"href":"https:\/\/vicerrectorias.utp.edu.co\/responsabilidad-social\/wp-json\/wp\/v2\/media?parent=228"}],"wp:term":[{"taxonomy":"category","embeddable":true,"href":"https:\/\/vicerrectorias.utp.edu.co\/responsabilidad-social\/wp-json\/wp\/v2\/categories?post=228"},{"taxonomy":"post_tag","embeddable":true,"href":"https:\/\/vicerrectorias.utp.edu.co\/responsabilidad-social\/wp-json\/wp\/v2\/tags?post=228"}],"curies":[{"name":"wp","href":"https:\/\/api.w.org\/{rel}","templated":true}]}}