{"id":227,"date":"2014-06-27T08:47:49","date_gmt":"2014-06-27T06:47:49","guid":{"rendered":""},"modified":"2024-08-20T09:34:25","modified_gmt":"2024-08-20T07:34:25","slug":"jornada-de-carnetizacion","status":"publish","type":"post","link":"https:\/\/vicerrectorias.utp.edu.co\/responsabilidad-social\/jornada-de-carnetizacion\/","title":{"rendered":"Jornada de Carnetizaci\u00f3n"},"content":{"rendered":"\n<h2 class=\"wp-block-heading\">Jornada de Carnetizaci\u00f3n<\/h2>\n\n\n\n<p><span class=\"post-content__span\"> <a rel=\"noreferrer noopener\" href=\"https:\/\/comunicaciones.utp.edu.co\/noticias\/25671\/jornada-de-carnetizacion\/pdf\" target=\"_blank\"><\/a><a href=\"https:\/\/comunicaciones.utp.edu.co\/noticias\/25671\/jornada-de-carnetizacion\"><\/a><\/p>\n\n\n\n<p><span class=\"post-content__span\"> <img loading=\"lazy\" decoding=\"async\" src=\"https:\/\/comunicaciones.utp.edu.co\/wp-content\/uploads\/sites\/2\/planeacion.jpg\" alt=\"Jornada de Carnetizaci\u00f3n \" width=\"229\" height=\"132\">Se informa a los&nbsp;funcionarios docentes y administrativos de la Facultad de El\u00e9ctrica y la&nbsp;Vicerrector\u00eda de Responsabilidad Social y Bienestar&nbsp;Universitario, que a partir de hoy&nbsp;jueves&nbsp;26 de junio en horas de la tarde se pueden acercar a los puntos de carnetizaci\u00f3n&nbsp;ubicados en el Galp\u00f3n y&nbsp;en el&nbsp;Bloque Y,&nbsp;con el fin de adelantar&nbsp; dicho proceso.<\/p>\n\n\n\n<p><span class=\"post-content__span\"> Se recuerda que es indispensable presentar la c\u00e9dula.<\/p>\n\n\n\n<p><span class=\"post-content__span\"> Cada punto de carnetizaci\u00f3n &nbsp;reparte 50 turnos en la ma\u00f1ana y 50 turnos en la tarde.<\/p>\n\n\n\n<p><span class=\"post-content__span\"> Agradecemos su valiosa atenci\u00f3n.<\/p>\n","protected":false},"excerpt":{"rendered":"<p>Jornada de Carnetizaci\u00f3n Se informa a los&nbsp;funcionarios docentes y administrativos de la Facultad de El\u00e9ctrica y la&nbsp;Vicerrector\u00eda de Responsabilidad Social [&hellip;]<\/p>\n","protected":false},"author":0,"featured_media":0,"comment_status":"closed","ping_status":"closed","sticky":false,"template":"","format":"standard","meta":{"footnotes":""},"categories":[3],"tags":[],"class_list":["post-227","post","type-post","status-publish","format-standard","hentry","category-noticias"],"_links":{"self":[{"href":"https:\/\/vicerrectorias.utp.edu.co\/responsabilidad-social\/wp-json\/wp\/v2\/posts\/227","targetHints":{"allow":["GET"]}}],"collection":[{"href":"https:\/\/vicerrectorias.utp.edu.co\/responsabilidad-social\/wp-json\/wp\/v2\/posts"}],"about":[{"href":"https:\/\/vicerrectorias.utp.edu.co\/responsabilidad-social\/wp-json\/wp\/v2\/types\/post"}],"replies":[{"embeddable":true,"href":"https:\/\/vicerrectorias.utp.edu.co\/responsabilidad-social\/wp-json\/wp\/v2\/comments?post=227"}],"version-history":[{"count":2,"href":"https:\/\/vicerrectorias.utp.edu.co\/responsabilidad-social\/wp-json\/wp\/v2\/posts\/227\/revisions"}],"predecessor-version":[{"id":61155,"href":"https:\/\/vicerrectorias.utp.edu.co\/responsabilidad-social\/wp-json\/wp\/v2\/posts\/227\/revisions\/61155"}],"wp:attachment":[{"href":"https:\/\/vicerrectorias.utp.edu.co\/responsabilidad-social\/wp-json\/wp\/v2\/media?parent=227"}],"wp:term":[{"taxonomy":"category","embeddable":true,"href":"https:\/\/vicerrectorias.utp.edu.co\/responsabilidad-social\/wp-json\/wp\/v2\/categories?post=227"},{"taxonomy":"post_tag","embeddable":true,"href":"https:\/\/vicerrectorias.utp.edu.co\/responsabilidad-social\/wp-json\/wp\/v2\/tags?post=227"}],"curies":[{"name":"wp","href":"https:\/\/api.w.org\/{rel}","templated":true}]}}