{"id":226,"date":"2014-06-27T08:43:10","date_gmt":"2014-06-27T06:43:10","guid":{"rendered":""},"modified":"2024-08-16T13:58:38","modified_gmt":"2024-08-16T11:58:38","slug":"en-la-utp-se-habla-de-reconciliacion-comunitaria","status":"publish","type":"post","link":"https:\/\/vicerrectorias.utp.edu.co\/responsabilidad-social\/en-la-utp-se-habla-de-reconciliacion-comunitaria\/","title":{"rendered":"En la UTP se habla de reconciliaci\u00f3n comunitaria"},"content":{"rendered":"\n<h2 class=\"wp-block-heading\">En la UTP se habla de reconciliaci\u00f3n comunitaria<\/h2>\n\n\n\n<p><span class=\"post-content__span\"> <a rel=\"noreferrer noopener\" href=\"https:\/\/comunicaciones.utp.edu.co\/noticias\/25676\/en-la-utp-se-habla-de-reconciliacion-comunitaria\/pdf\" target=\"_blank\"><\/a><a href=\"https:\/\/comunicaciones.utp.edu.co\/noticias\/25676\/en-la-utp-se-habla-de-reconciliacion-comunitaria\"><\/a><\/p>\n\n\n\n<p><span class=\"post-content__span\"> <img loading=\"lazy\" decoding=\"async\" width=\"229\" height=\"132\" src=\"https:\/\/comunicaciones.utp.edu.co\/wp-content\/uploads\/sites\/2\/REINTEGRACION2.jpg\" alt=\"En la UTP se habla de reconciliaci\u00f3n comunitaria\"><\/p>\n\n\n\n<p><span class=\"post-content__span\"> Del 26 al 27 de junio de 2014, la Universidad Tecnol\u00f3gica de Pereira ser\u00e1 el escenario propicio para socializar experiencias en reintegraci\u00f3n comunitaria, en el que acad\u00e9micos, ciudadanos en proceso de reintegraci\u00f3n y actores comunitarios, podr\u00e1n reflexionar sobre violencia, reclutamiento infantil y gesti\u00f3n del conflicto.\u00a0<\/p>\n\n\n\n<p><span class=\"post-content__span\"> Todo ello en el marco de la&nbsp;<em>C\u00e1tedra en Reconciliaci\u00f3n Comunitaria<\/em>, del Proyecto de Reintegraci\u00f3n Comunitaria ACR -UTP, desarrollado en la comuna Villa Santana.<\/p>\n\n\n\n<p><span class=\"post-content__span\"> <img loading=\"lazy\" decoding=\"async\" width=\"229\" height=\"132\" src=\"https:\/\/comunicaciones.utp.edu.co\/wp-content\/uploads\/sites\/2\/REINTEGRACION-3.jpg\" alt=\"\"><\/p>\n\n\n\n<p><span class=\"post-content__span\"> La c\u00e1tedra cuenta con una metodolog\u00eda experiencial desde las intervenciones de los siguientes ponentes: Marcela Andrea Tabares Giraldo \u201cReclutamiento infantil\u201d; Orlando Valdiri Vanegas \u201cManejo del Conflicto\u201d; \u00a0Luz Adriana Gonz\u00e1lez \u201cDerechos humanos para la cotidianidad\u201d; y Nancy Eugenia C\u00e1rdenas Ram\u00edrez \u201cGesti\u00f3n del conflicto\u201d.<\/p>\n\n\n\n<p><span class=\"post-content__span\"> Los interesados en el tema a\u00fan pueden participar,<a href=\"https:\/\/www.utp.edu.co\/cms-utp\/data\/bin\/UTP\/web\/uploads\/media\/comunicaciones\/documentos\/aviso-acr-1-.pdf\">&nbsp;conozca los detalles de la programaci\u00f3n.<\/a><\/p>\n","protected":false},"excerpt":{"rendered":"<p>En la UTP se habla de reconciliaci\u00f3n comunitaria Del 26 al 27 de junio de 2014, la Universidad Tecnol\u00f3gica de [&hellip;]<\/p>\n","protected":false},"author":0,"featured_media":0,"comment_status":"closed","ping_status":"closed","sticky":false,"template":"","format":"standard","meta":{"footnotes":""},"categories":[3],"tags":[],"class_list":["post-226","post","type-post","status-publish","format-standard","hentry","category-noticias"],"_links":{"self":[{"href":"https:\/\/vicerrectorias.utp.edu.co\/responsabilidad-social\/wp-json\/wp\/v2\/posts\/226","targetHints":{"allow":["GET"]}}],"collection":[{"href":"https:\/\/vicerrectorias.utp.edu.co\/responsabilidad-social\/wp-json\/wp\/v2\/posts"}],"about":[{"href":"https:\/\/vicerrectorias.utp.edu.co\/responsabilidad-social\/wp-json\/wp\/v2\/types\/post"}],"replies":[{"embeddable":true,"href":"https:\/\/vicerrectorias.utp.edu.co\/responsabilidad-social\/wp-json\/wp\/v2\/comments?post=226"}],"version-history":[{"count":4,"href":"https:\/\/vicerrectorias.utp.edu.co\/responsabilidad-social\/wp-json\/wp\/v2\/posts\/226\/revisions"}],"predecessor-version":[{"id":60971,"href":"https:\/\/vicerrectorias.utp.edu.co\/responsabilidad-social\/wp-json\/wp\/v2\/posts\/226\/revisions\/60971"}],"wp:attachment":[{"href":"https:\/\/vicerrectorias.utp.edu.co\/responsabilidad-social\/wp-json\/wp\/v2\/media?parent=226"}],"wp:term":[{"taxonomy":"category","embeddable":true,"href":"https:\/\/vicerrectorias.utp.edu.co\/responsabilidad-social\/wp-json\/wp\/v2\/categories?post=226"},{"taxonomy":"post_tag","embeddable":true,"href":"https:\/\/vicerrectorias.utp.edu.co\/responsabilidad-social\/wp-json\/wp\/v2\/tags?post=226"}],"curies":[{"name":"wp","href":"https:\/\/api.w.org\/{rel}","templated":true}]}}