{"id":2251,"date":"2016-09-16T11:30:32","date_gmt":"2016-09-16T09:30:32","guid":{"rendered":""},"modified":"2024-08-15T15:52:53","modified_gmt":"2024-08-15T13:52:53","slug":"hoy-utp-en-el-salon-de-artistas-aun-44","status":"publish","type":"post","link":"https:\/\/vicerrectorias.utp.edu.co\/responsabilidad-social\/hoy-utp-en-el-salon-de-artistas-aun-44\/","title":{"rendered":"Hoy UTP en el sal\u00f3n de artistas \u00abA\u00daN 44\u00bb"},"content":{"rendered":"\n<p><span class=\"post-content__span\"> Hoy UTP en el sal\u00f3n de artistas \u00abA\u00daN 44\u00bb<\/p>\n\n\n\n<p><span class=\"post-content__span\"> <img decoding=\"async\" alt=\"UTP en el sal\u00f3n de artistas \" src=\"https:\/\/comunicaciones.utp.edu.co\/wp-content\/uploads\/sites\/2\/aun.jpg\">Se invita a la comunidad universitaria a participar del A\u00daN 44 Sal\u00f3n Nacional de Artistas, d\u00f3nde la UTP ser\u00e1 sede.<\/p>\n","protected":false},"excerpt":{"rendered":"<p>Hoy UTP en el sal\u00f3n de artistas \u00abA\u00daN 44\u00bb Se invita a la comunidad universitaria a participar del A\u00daN 44 [&hellip;]<\/p>\n","protected":false},"author":0,"featured_media":60072,"comment_status":"closed","ping_status":"closed","sticky":false,"template":"","format":"standard","meta":{"footnotes":""},"categories":[3],"tags":[],"class_list":["post-2251","post","type-post","status-publish","format-standard","has-post-thumbnail","hentry","category-noticias"],"_links":{"self":[{"href":"https:\/\/vicerrectorias.utp.edu.co\/responsabilidad-social\/wp-json\/wp\/v2\/posts\/2251","targetHints":{"allow":["GET"]}}],"collection":[{"href":"https:\/\/vicerrectorias.utp.edu.co\/responsabilidad-social\/wp-json\/wp\/v2\/posts"}],"about":[{"href":"https:\/\/vicerrectorias.utp.edu.co\/responsabilidad-social\/wp-json\/wp\/v2\/types\/post"}],"replies":[{"embeddable":true,"href":"https:\/\/vicerrectorias.utp.edu.co\/responsabilidad-social\/wp-json\/wp\/v2\/comments?post=2251"}],"version-history":[{"count":1,"href":"https:\/\/vicerrectorias.utp.edu.co\/responsabilidad-social\/wp-json\/wp\/v2\/posts\/2251\/revisions"}],"predecessor-version":[{"id":9405,"href":"https:\/\/vicerrectorias.utp.edu.co\/responsabilidad-social\/wp-json\/wp\/v2\/posts\/2251\/revisions\/9405"}],"wp:featuredmedia":[{"embeddable":true,"href":"https:\/\/vicerrectorias.utp.edu.co\/responsabilidad-social\/wp-json\/wp\/v2\/media\/60072"}],"wp:attachment":[{"href":"https:\/\/vicerrectorias.utp.edu.co\/responsabilidad-social\/wp-json\/wp\/v2\/media?parent=2251"}],"wp:term":[{"taxonomy":"category","embeddable":true,"href":"https:\/\/vicerrectorias.utp.edu.co\/responsabilidad-social\/wp-json\/wp\/v2\/categories?post=2251"},{"taxonomy":"post_tag","embeddable":true,"href":"https:\/\/vicerrectorias.utp.edu.co\/responsabilidad-social\/wp-json\/wp\/v2\/tags?post=2251"}],"curies":[{"name":"wp","href":"https:\/\/api.w.org\/{rel}","templated":true}]}}