{"id":225,"date":"2014-06-27T08:35:34","date_gmt":"2014-06-27T06:35:34","guid":{"rendered":""},"modified":"2024-08-15T15:53:08","modified_gmt":"2024-08-15T13:53:08","slug":"comunicado-de-rectoria-a-la-opinion-publica","status":"publish","type":"post","link":"https:\/\/vicerrectorias.utp.edu.co\/responsabilidad-social\/comunicado-de-rectoria-a-la-opinion-publica\/","title":{"rendered":"COMUNICADO DE RECTOR\u00cdA A LA OPINION PUBLICA"},"content":{"rendered":"\n<figure class=\"wp-block-table\"><table><tbody><tr><td>\n<p><span class=\"post-content__span\"> <strong>COMUNICADO   A LA OPINION PUBLICA<\/strong><\/p>\n<p><span class=\"post-content__span\"> El Rector de la Universidad Tecnol\u00f3gica de   Pereira, lamenta y rechaza las amenazas de que han sido v\u00edctimas algunos   l\u00edderes de nuestra universidad proferidas por un grupo autodenominado LAS   AGUILAS NEGRAS y en las cuales pretenden obligar a nuestros estudiantes a   renunciar a su condici\u00f3n de tales, dejando de matricularse y abandonando la   ciudad so pena de atentar contra su vida.<\/p>\n<p><span class=\"post-content__span\"> La rector\u00eda defiende el principio esencial de   toda universidad sobre el debate de las ideas y la divergencia ideol\u00f3gica y   pol\u00edtica de los miembros de la sociedad y reivindica a la universidad como   espacio de deliberaci\u00f3n civilizada, que condena la violencia como m\u00e9todo para   tramitar las diferencias.<\/p>\n<p><span class=\"post-content__span\"> La rector\u00eda invita a toda la comunidad   universitaria y a la sociedad en su conjunto a rechazar estas pr\u00e1cticas   delictivas que desnaturalizan la universidad y coartan el ejercicio de las   libertades democr\u00e1ticas.<\/p>\n<p><span class=\"post-content__span\"> Los l\u00edderes estudiantiles amenazados, en cuanto miembros   de la comunidad universitaria, han ejercido leg\u00edtimamente y por los canales   institucionales su derecho a la participaci\u00f3n y al libre examen de las   situaciones universitarias y del pa\u00eds y ello jam\u00e1s puede ser considerado como   causa para proferir amenazas contra su integridad personal.<\/p>\n<p><span class=\"post-content__span\"> A los autores de las amenazas se los reprocha con   toda energ\u00eda y exhorta a que guarden el debido respeto por la universidad y   lo que ella significa para la sociedad colombiana, en cuanto reducto de   esperanza para hallar los caminos de consolidaci\u00f3n de una Naci\u00f3n pr\u00f3spera y   pac\u00edfica, bajo la \u00e9gida de la justicia social y el m\u00e1s caro respeto por los   derechos fundamentales de la persona humana.<\/p>\n<p><span class=\"post-content__span\"> De igual modo, se demanda a las autoridades la   debida prioridad a la protecci\u00f3n y la seguridad de los l\u00edderes estudiantiles   y de la comunidad universitaria toda, como presupuesto indispensable para   cumplir la Misi\u00f3n institucional en un clima de paz y tranquilidad donde el   ejercicio de la inteligencia y las libertades sean el punto de partida de   todo debate.<\/p>\n<p><span class=\"post-content__span\"> &nbsp;<\/p>\n<p><span class=\"post-content__span\"> <strong>LUIS ENRIQUE ARANGO   JIMENEZ<\/strong><\/p>\n<p><span class=\"post-content__span\"> Rector<\/p>\n<\/td><\/tr><\/tbody><\/table><\/figure>\n","protected":false},"excerpt":{"rendered":"<p>COMUNICADO A LA OPINION PUBLICA El Rector de la Universidad Tecnol\u00f3gica de Pereira, lamenta y rechaza las amenazas de que [&hellip;]<\/p>\n","protected":false},"author":0,"featured_media":0,"comment_status":"closed","ping_status":"closed","sticky":false,"template":"","format":"standard","meta":{"footnotes":""},"categories":[3],"tags":[],"class_list":["post-225","post","type-post","status-publish","format-standard","hentry","category-noticias"],"_links":{"self":[{"href":"https:\/\/vicerrectorias.utp.edu.co\/responsabilidad-social\/wp-json\/wp\/v2\/posts\/225","targetHints":{"allow":["GET"]}}],"collection":[{"href":"https:\/\/vicerrectorias.utp.edu.co\/responsabilidad-social\/wp-json\/wp\/v2\/posts"}],"about":[{"href":"https:\/\/vicerrectorias.utp.edu.co\/responsabilidad-social\/wp-json\/wp\/v2\/types\/post"}],"replies":[{"embeddable":true,"href":"https:\/\/vicerrectorias.utp.edu.co\/responsabilidad-social\/wp-json\/wp\/v2\/comments?post=225"}],"version-history":[{"count":1,"href":"https:\/\/vicerrectorias.utp.edu.co\/responsabilidad-social\/wp-json\/wp\/v2\/posts\/225\/revisions"}],"predecessor-version":[{"id":9764,"href":"https:\/\/vicerrectorias.utp.edu.co\/responsabilidad-social\/wp-json\/wp\/v2\/posts\/225\/revisions\/9764"}],"wp:attachment":[{"href":"https:\/\/vicerrectorias.utp.edu.co\/responsabilidad-social\/wp-json\/wp\/v2\/media?parent=225"}],"wp:term":[{"taxonomy":"category","embeddable":true,"href":"https:\/\/vicerrectorias.utp.edu.co\/responsabilidad-social\/wp-json\/wp\/v2\/categories?post=225"},{"taxonomy":"post_tag","embeddable":true,"href":"https:\/\/vicerrectorias.utp.edu.co\/responsabilidad-social\/wp-json\/wp\/v2\/tags?post=225"}],"curies":[{"name":"wp","href":"https:\/\/api.w.org\/{rel}","templated":true}]}}