{"id":2241,"date":"2016-09-16T11:27:42","date_gmt":"2016-09-16T09:27:42","guid":{"rendered":""},"modified":"2024-08-16T09:44:01","modified_gmt":"2024-08-16T07:44:01","slug":"convocatoria-orquesta-sinfonica","status":"publish","type":"post","link":"https:\/\/vicerrectorias.utp.edu.co\/responsabilidad-social\/convocatoria-orquesta-sinfonica\/","title":{"rendered":"Convocatoria Orquesta Sinf\u00f3nica"},"content":{"rendered":"\n<p><span class=\"post-content__span\"> Convocatoria Orquesta Sinf\u00f3nica Director Musical y Art\u00edstico: Louis Tillet<\/p>\n\n\n\n<p><span class=\"post-content__span\"> <img decoding=\"async\" src=\"https:\/\/comunicaciones.utp.edu.co\/wp-content\/uploads\/sites\/2\/17-marzo-orquesta-.jpg\" alt=\"Convocatoria  Orquesta Sinf\u00f3nica  Director Musical y Art\u00edstico: Louis Tillet\"><\/p>\n\n\n\n<p><span class=\"post-content__span\"> A continuaci\u00f3n se comparte la convocatoria de la Orquesta Sinf\u00f3nica.<\/p>\n\n\n\n<p><span class=\"post-content__span\"> <strong>La Vicerrector\u00eda de Responsabilidad Social y Bienestar Universitario<\/strong><\/p>\n\n\n\n<p><span class=\"post-content__span\"> <strong>Y la Facultad de Bellas Artes y Humanidades &#8211; UTP<\/strong><\/p>\n\n\n\n<p><span class=\"post-content__span\"> <strong>Convocatoria<\/strong><\/p>\n\n\n\n<p><span class=\"post-content__span\"> <strong>Orquesta Sinf\u00f3nica<\/strong><\/p>\n\n\n\n<p><span class=\"post-content__span\"> <strong>Director Musical y Art\u00edstico: Louis Tillet<\/strong><\/p>\n\n\n\n<p><span class=\"post-content__span\"> VIOL\u00cdNES: &nbsp;&nbsp;&nbsp;&nbsp;&nbsp;&nbsp;&nbsp;&nbsp;&nbsp;&nbsp;&nbsp;&nbsp;&nbsp;&nbsp;&nbsp;&nbsp;&nbsp;&nbsp;&nbsp;&nbsp;&nbsp;&nbsp;&nbsp;&nbsp;&nbsp;&nbsp;&nbsp;&nbsp;&nbsp;&nbsp;&nbsp;&nbsp;&nbsp;&nbsp;&nbsp;&nbsp;&nbsp;&nbsp;&nbsp;&nbsp;&nbsp;&nbsp;&nbsp;&nbsp;&nbsp;&nbsp;&nbsp;&nbsp;&nbsp;&nbsp;&nbsp;&nbsp;&nbsp;&nbsp;&nbsp;&nbsp; 5 puestos<\/p>\n\n\n\n<p><span class=\"post-content__span\"> VIOLONCHELOS: &nbsp;&nbsp;&nbsp;&nbsp;&nbsp;&nbsp;&nbsp;&nbsp;&nbsp;&nbsp;&nbsp;&nbsp;&nbsp;&nbsp;&nbsp;&nbsp;&nbsp;&nbsp;&nbsp;&nbsp;&nbsp;&nbsp;&nbsp;&nbsp;&nbsp;&nbsp;&nbsp;&nbsp;&nbsp;&nbsp;&nbsp;&nbsp;&nbsp;&nbsp;&nbsp;&nbsp;&nbsp;&nbsp;&nbsp;&nbsp;&nbsp;&nbsp;&nbsp; 1 puesto<\/p>\n\n\n\n<p><span class=\"post-content__span\"> &nbsp; &nbsp; &nbsp; &nbsp; &nbsp; &nbsp;FAGOT:&nbsp;&nbsp;&nbsp;&nbsp;&nbsp;&nbsp;&nbsp;&nbsp;&nbsp;&nbsp;&nbsp;&nbsp;&nbsp;&nbsp;&nbsp; &nbsp;&nbsp;&nbsp;&nbsp;&nbsp;&nbsp;&nbsp;&nbsp;&nbsp;&nbsp;&nbsp;&nbsp;&nbsp;&nbsp;&nbsp;&nbsp;&nbsp;&nbsp;&nbsp;&nbsp;&nbsp;&nbsp;&nbsp;&nbsp;&nbsp;&nbsp;&nbsp;&nbsp;&nbsp;&nbsp;&nbsp;&nbsp;&nbsp;&nbsp;&nbsp;1 puesto<\/p>\n\n\n\n<p><span class=\"post-content__span\"> <strong>Fecha de Audici\u00f3n<\/strong><\/p>\n\n\n\n<p><span class=\"post-content__span\"> Lunes 26 de septiembre &nbsp;de 2016\/ Teatro de Bellas Artes de Risaralda<\/p>\n\n\n\n<p><span class=\"post-content__span\"> Universidad Tecnol\u00f3gica de Pereira \u2013 Bloque 12<\/p>\n\n\n\n<p><span class=\"post-content__span\"> 2:30pm: Violin<\/p>\n\n\n\n<p><span class=\"post-content__span\"> 4:30pm: Violonchelo<\/p>\n\n\n\n<p><span class=\"post-content__span\"> 5:45pm: Fagot<\/p>\n\n\n\n<p><span class=\"post-content__span\"> \u266b&nbsp;<strong>Programa:&nbsp;<\/strong>presentar dos piezas libres de car\u00e1cter diferente, por una duraci\u00f3n total m\u00e1xima de 12 minutos<strong>&nbsp;<\/strong><\/p>\n\n\n\n<p><span class=\"post-content__span\"> \u25ba&nbsp;<strong>Inscripciones<\/strong>: inscribirse a trav\u00e9s del correo electr\u00f3nico:<\/p>\n\n\n\n<ul class=\"wp-block-list\">\n<li><a href=\"mailto:auditoriadeservicios@utp.edu.co\">auditoriadeservicios@utp.edu.co<\/a><\/li>\n<\/ul>\n\n\n\n<p><span class=\"post-content__span\"> Inicio: 1 &nbsp;de octubre de 2016<\/p>\n\n\n\n<p><span class=\"post-content__span\"> <strong>Contactos e informes:<\/strong><\/p>\n\n\n\n<p><span class=\"post-content__span\"> Vicerrector\u00eda de Responsabilidad Social y Bienestar Universitario,<\/p>\n\n\n\n<p><span class=\"post-content__span\"> &nbsp;Oficina 2-215, UTP Pereira \/Colombia &#8211; correo: auditoriadeservicios@utp.edu.co<\/p>\n","protected":false},"excerpt":{"rendered":"<p>Convocatoria Orquesta Sinf\u00f3nica Director Musical y Art\u00edstico: Louis Tillet A continuaci\u00f3n se comparte la convocatoria de la Orquesta Sinf\u00f3nica. La [&hellip;]<\/p>\n","protected":false},"author":0,"featured_media":60071,"comment_status":"closed","ping_status":"closed","sticky":false,"template":"","format":"standard","meta":{"footnotes":""},"categories":[3],"tags":[],"class_list":["post-2241","post","type-post","status-publish","format-standard","has-post-thumbnail","hentry","category-noticias"],"_links":{"self":[{"href":"https:\/\/vicerrectorias.utp.edu.co\/responsabilidad-social\/wp-json\/wp\/v2\/posts\/2241","targetHints":{"allow":["GET"]}}],"collection":[{"href":"https:\/\/vicerrectorias.utp.edu.co\/responsabilidad-social\/wp-json\/wp\/v2\/posts"}],"about":[{"href":"https:\/\/vicerrectorias.utp.edu.co\/responsabilidad-social\/wp-json\/wp\/v2\/types\/post"}],"replies":[{"embeddable":true,"href":"https:\/\/vicerrectorias.utp.edu.co\/responsabilidad-social\/wp-json\/wp\/v2\/comments?post=2241"}],"version-history":[{"count":2,"href":"https:\/\/vicerrectorias.utp.edu.co\/responsabilidad-social\/wp-json\/wp\/v2\/posts\/2241\/revisions"}],"predecessor-version":[{"id":60900,"href":"https:\/\/vicerrectorias.utp.edu.co\/responsabilidad-social\/wp-json\/wp\/v2\/posts\/2241\/revisions\/60900"}],"wp:featuredmedia":[{"embeddable":true,"href":"https:\/\/vicerrectorias.utp.edu.co\/responsabilidad-social\/wp-json\/wp\/v2\/media\/60071"}],"wp:attachment":[{"href":"https:\/\/vicerrectorias.utp.edu.co\/responsabilidad-social\/wp-json\/wp\/v2\/media?parent=2241"}],"wp:term":[{"taxonomy":"category","embeddable":true,"href":"https:\/\/vicerrectorias.utp.edu.co\/responsabilidad-social\/wp-json\/wp\/v2\/categories?post=2241"},{"taxonomy":"post_tag","embeddable":true,"href":"https:\/\/vicerrectorias.utp.edu.co\/responsabilidad-social\/wp-json\/wp\/v2\/tags?post=2241"}],"curies":[{"name":"wp","href":"https:\/\/api.w.org\/{rel}","templated":true}]}}