{"id":224,"date":"2014-06-26T09:36:45","date_gmt":"2014-06-26T07:36:45","guid":{"rendered":""},"modified":"2024-08-15T15:53:08","modified_gmt":"2024-08-15T13:53:08","slug":"canal-zoom-realizo-junta-directiva-en-la-utp","status":"publish","type":"post","link":"https:\/\/vicerrectorias.utp.edu.co\/responsabilidad-social\/canal-zoom-realizo-junta-directiva-en-la-utp\/","title":{"rendered":"Canal Zoom realiz\u00f3 Junta Directiva en la UTP"},"content":{"rendered":"\n<h2 class=\"wp-block-heading\">Canal Zoom realiz\u00f3 Junta Directiva en la UTP<\/h2>\n\n\n\n<p><span class=\"post-content__span\"> En&nbsp;el d\u00eda de ayer mi\u00e9rcoles 25 de junio del 2014, se realiz\u00f3 en la ciudad de Pereira la cuarta Junta Directiva del a\u00f1o vigente, correspondiente a la sesi\u00f3n ordinaria 039, de la Corporaci\u00f3n Canal Universitario Nacional ZOOM.<\/p>\n\n\n\n<p><span class=\"post-content__span\"> En la sesi\u00f3n, representantes de siete entidades e instituciones de educaci\u00f3n superior IES, se reunir\u00e1n para realizar la revisi\u00f3n y aprobaci\u00f3n de previas deliberaciones. \u2028\u2028Entre los asistentes se destacaron la doctora Alexandra Falla, de la Autoridad Nacional de Televisi\u00f3n \u2013 ANTV, el doctor Juan Carlos Bernal, del Ministerio de Educaci\u00f3n Nacional \u2013 MEN, el doctor Pr\u00f3spero Posada Myer, Rector de la Fundaci\u00f3n Universitaria Mar\u00eda Cano y Presidente de la Junta Directiva de Canal ZOOM, Germ\u00e1n Alfonso P\u00e9rez, Gerente del Canal ZOOM, Maria Patricia L\u00f3pez G\u00f3mez, Directora de la Oficina de Comunicaciones y Promoci\u00f3n Institucional de la &nbsp;Universidad Tecnol\u00f3gica de Pereira, Ethna Romero, de la Universidad de Boyac\u00e1, Edgar Salas Ballesteros de la Universidad del Magdalena y Diana Gonz\u00e1les Santos, del Canal ZOOM, qui\u00e9nes a su paso son los miembros principales de la Junta Directiva.&nbsp;\u2028\u2028La sesi\u00f3n que tiene prevista una duraci\u00f3n de cuatro (4) horas estar\u00e1 encabezada por el doctor Prospero Posada Myer y directivos del Canal tendr\u00e1 inicio a las 2:00 pm en la Universidad Tecnol\u00f3gica de Pereira.\u2028\u2028En la jornada analizar\u00e1n temas como la vinculaci\u00f3n de nuevas IES al Canal, nuevas estrategias de implementaci\u00f3n y gesti\u00f3n a nivel interno y externo, relacion\u00e1ndose el proceso y avances en la comercializaci\u00f3n aprobada previamente por la ANTV, el fortalecimiento del \u00e1rea de mercadeo, plan estrat\u00e9gico institucional, entre otros.<\/p>\n","protected":false},"excerpt":{"rendered":"<p>Canal Zoom realiz\u00f3 Junta Directiva en la UTP En&nbsp;el d\u00eda de ayer mi\u00e9rcoles 25 de junio del 2014, se realiz\u00f3 [&hellip;]<\/p>\n","protected":false},"author":0,"featured_media":0,"comment_status":"closed","ping_status":"closed","sticky":false,"template":"","format":"standard","meta":{"footnotes":""},"categories":[3],"tags":[],"class_list":["post-224","post","type-post","status-publish","format-standard","hentry","category-noticias"],"_links":{"self":[{"href":"https:\/\/vicerrectorias.utp.edu.co\/responsabilidad-social\/wp-json\/wp\/v2\/posts\/224","targetHints":{"allow":["GET"]}}],"collection":[{"href":"https:\/\/vicerrectorias.utp.edu.co\/responsabilidad-social\/wp-json\/wp\/v2\/posts"}],"about":[{"href":"https:\/\/vicerrectorias.utp.edu.co\/responsabilidad-social\/wp-json\/wp\/v2\/types\/post"}],"replies":[{"embeddable":true,"href":"https:\/\/vicerrectorias.utp.edu.co\/responsabilidad-social\/wp-json\/wp\/v2\/comments?post=224"}],"version-history":[{"count":1,"href":"https:\/\/vicerrectorias.utp.edu.co\/responsabilidad-social\/wp-json\/wp\/v2\/posts\/224\/revisions"}],"predecessor-version":[{"id":9765,"href":"https:\/\/vicerrectorias.utp.edu.co\/responsabilidad-social\/wp-json\/wp\/v2\/posts\/224\/revisions\/9765"}],"wp:attachment":[{"href":"https:\/\/vicerrectorias.utp.edu.co\/responsabilidad-social\/wp-json\/wp\/v2\/media?parent=224"}],"wp:term":[{"taxonomy":"category","embeddable":true,"href":"https:\/\/vicerrectorias.utp.edu.co\/responsabilidad-social\/wp-json\/wp\/v2\/categories?post=224"},{"taxonomy":"post_tag","embeddable":true,"href":"https:\/\/vicerrectorias.utp.edu.co\/responsabilidad-social\/wp-json\/wp\/v2\/tags?post=224"}],"curies":[{"name":"wp","href":"https:\/\/api.w.org\/{rel}","templated":true}]}}