{"id":2231,"date":"2016-09-14T11:34:25","date_gmt":"2016-09-14T09:34:25","guid":{"rendered":""},"modified":"2024-08-15T15:52:53","modified_gmt":"2024-08-15T13:52:53","slug":"zoom-y-programar-television-realizan-foros-de-paz","status":"publish","type":"post","link":"https:\/\/vicerrectorias.utp.edu.co\/responsabilidad-social\/zoom-y-programar-television-realizan-foros-de-paz\/","title":{"rendered":"ZOOM y Programar Televisi\u00f3n realizan \u2018Foros de paz"},"content":{"rendered":"\n<p><span class=\"post-content__span\"> Canal ZOOM y Programar Televisi\u00f3n realizan \u2018Foros de Paz\u2019<\/p>\n\n\n\n<figure class=\"wp-block-embed\"><div class=\"wp-block-embed__wrapper\">\n<iframe loading=\"lazy\" title=\"Foros de Paz: Herbin Hoyos\" width=\"500\" height=\"281\" src=\"https:\/\/www.youtube.com\/embed\/txpLEiBS8Ls?feature=oembed\" frameborder=\"0\" allow=\"accelerometer; autoplay; clipboard-write; encrypted-media; gyroscope; picture-in-picture; web-share\" referrerpolicy=\"strict-origin-when-cross-origin\" allowfullscreen><\/iframe>\n<\/div><\/figure>\n\n\n\n<p><span class=\"post-content__span\"> <img decoding=\"async\" alt=\"Canal ZOOM y Programar Televisi\u00f3n realizan \u2018Foros de Paz\u2019\" src=\"https:\/\/comunicaciones.utp.edu.co\/wp-content\/uploads\/sites\/2\/Canal-Universitario-Zoom.jpg\"><span>En el coyuntural y actual momento que est\u00e1 viviendo el pa\u00eds por la suscripci\u00f3n de los acuerdos entre la guerrilla de las FARC y el Gobierno Nacional, el Canal Universitario Nacional ZOOM, medio de televisi\u00f3n satelital, especializado en la comunidad acad\u00e9mica de la educaci\u00f3n superior colombiana conjuntamente con sus treinta y nueve (39) Instituciones de Educaci\u00f3n Superior afiliadas, p\u00fablicas y privadas, el Centro de Estudios para la Paz y la Convivencia \u2013 CEPC y Programar Televisi\u00f3n realizar\u00e1n el pr\u00f3ximo 15 de septiembre a partir de las 10:00 a. m. el primero de una serie de \u2018Foros de Paz\u2019.<\/span><\/p>\n\n\n\n<p><span class=\"post-content__span\"> <span>En esta ocasi\u00f3n con la presencia y participaci\u00f3n del Mayor General (R) Luis Herlindo Mendieta; el General (R) Jos\u00e9 Leonardo Gallego; el ex \u2013 guerrillero del ELN y gestor de paz Carlos Arturo Velandia; el periodista y reportero de guerra Herbin Hoyos; la periodista Lilia Plazas; el abogado Luis Eduardo Parra, el Presidente del Canal ZOOM Hern\u00e1n Mauricio Chaves, entre otros, bajo la moderaci\u00f3n del periodista Francisco D\u00edaz debatir\u00e1n los puntos del acuerdo final, como parte de un ejercicio de pedagog\u00eda de cara al plebiscito del pr\u00f3ximo 2 de octubre.<\/span><\/p>\n\n\n\n<p><span class=\"post-content__span\"> <span>Durante 52 a\u00f1os Colombia ha presenciado una guerra cruda contra las Fuerzas Armadas Revolucionarias de Colombia &#8211; FARC, que como consecuencia ha dejado alrededor de 220.000 muertos y m\u00e1s de 6\u2019000.000 de v\u00edctimas seg\u00fan la Revista Semana.<\/span><\/p>\n\n\n\n<p><span class=\"post-content__span\"> <span>Hoy el gobierno colombiano propone a trav\u00e9s del di\u00e1logo con las FARC una salida concertada a la guerra; a lo largo de los cuatro a\u00f1os de conversaciones en la Habana &#8211; Cuba, se lleg\u00f3 a un acuerdo de Paz entre los actores involucrados, un acuerdo que es objeto de inquietudes por parte de la sociedad.<\/span><\/p>\n\n\n\n<p><span class=\"post-content__span\"> <span>El gran cuestionamiento y debate que tiene en vilo la confirmaci\u00f3n de la anhelada paz en la naci\u00f3n colombiana es el plebiscito que convoca a la poblaci\u00f3n civil a votar si se acepta o no lo acordado en Cuba.<\/span><\/p>\n\n\n\n<p><span class=\"post-content__span\"> <span>El Canal ZOOM, como actor de pedagog\u00eda e inclusi\u00f3n social gracias a sus IES afiliadas abre este jueves, un espacio para que la comunidad en general realice sus preguntas que ser\u00e1n resueltas en tiempo real por los invitados al foro, con el objetivo que el pr\u00f3ximo 2 de octubre se logre un voto consciente sobre el futuro de Colombia.<\/span><\/p>\n\n\n\n<p><span class=\"post-content__span\"> <span>Canales aliados como el Canal Iberoamericano, Telecaf\u00e9, Canal UdeCTv de la Universidad de Cartagena, Uniaut\u00f3noma TV de la Universidad Aut\u00f3noma del Caribe, Uniamazonia TV, Uniamazonia Radio de la Universidad de la Amazonia, entre otros se unir\u00e1n a la transmisi\u00f3n; Canal 22 de M\u00e9xico, Canal 44 de la Universidad de Guadalajara, Telecaribe, Red Mundial de Radio conformada poe 2.332 emisoras&nbsp; en los 5 continentes, entre otros retransmitir\u00e1n en sus parrillas de programaci\u00f3n el foro. Adem\u00e1s, ser\u00e1 emitido por el programa Colombia Universal de Caracol Radio el viernes a las 12:10am.<\/span><\/p>\n","protected":false},"excerpt":{"rendered":"<p>Canal ZOOM y Programar Televisi\u00f3n realizan \u2018Foros de Paz\u2019 En el coyuntural y actual momento que est\u00e1 viviendo el pa\u00eds [&hellip;]<\/p>\n","protected":false},"author":0,"featured_media":60070,"comment_status":"closed","ping_status":"closed","sticky":false,"template":"","format":"standard","meta":{"footnotes":""},"categories":[3],"tags":[],"class_list":["post-2231","post","type-post","status-publish","format-standard","has-post-thumbnail","hentry","category-noticias"],"_links":{"self":[{"href":"https:\/\/vicerrectorias.utp.edu.co\/responsabilidad-social\/wp-json\/wp\/v2\/posts\/2231","targetHints":{"allow":["GET"]}}],"collection":[{"href":"https:\/\/vicerrectorias.utp.edu.co\/responsabilidad-social\/wp-json\/wp\/v2\/posts"}],"about":[{"href":"https:\/\/vicerrectorias.utp.edu.co\/responsabilidad-social\/wp-json\/wp\/v2\/types\/post"}],"replies":[{"embeddable":true,"href":"https:\/\/vicerrectorias.utp.edu.co\/responsabilidad-social\/wp-json\/wp\/v2\/comments?post=2231"}],"version-history":[{"count":1,"href":"https:\/\/vicerrectorias.utp.edu.co\/responsabilidad-social\/wp-json\/wp\/v2\/posts\/2231\/revisions"}],"predecessor-version":[{"id":9407,"href":"https:\/\/vicerrectorias.utp.edu.co\/responsabilidad-social\/wp-json\/wp\/v2\/posts\/2231\/revisions\/9407"}],"wp:featuredmedia":[{"embeddable":true,"href":"https:\/\/vicerrectorias.utp.edu.co\/responsabilidad-social\/wp-json\/wp\/v2\/media\/60070"}],"wp:attachment":[{"href":"https:\/\/vicerrectorias.utp.edu.co\/responsabilidad-social\/wp-json\/wp\/v2\/media?parent=2231"}],"wp:term":[{"taxonomy":"category","embeddable":true,"href":"https:\/\/vicerrectorias.utp.edu.co\/responsabilidad-social\/wp-json\/wp\/v2\/categories?post=2231"},{"taxonomy":"post_tag","embeddable":true,"href":"https:\/\/vicerrectorias.utp.edu.co\/responsabilidad-social\/wp-json\/wp\/v2\/tags?post=2231"}],"curies":[{"name":"wp","href":"https:\/\/api.w.org\/{rel}","templated":true}]}}