{"id":222,"date":"2014-06-25T08:36:09","date_gmt":"2014-06-25T06:36:09","guid":{"rendered":""},"modified":"2024-08-15T15:53:08","modified_gmt":"2024-08-15T13:53:08","slug":"campus-tv-control-de-accesos-utp","status":"publish","type":"post","link":"https:\/\/vicerrectorias.utp.edu.co\/responsabilidad-social\/campus-tv-control-de-accesos-utp\/","title":{"rendered":"Campus TV: control de accesos UTP"},"content":{"rendered":"\n<p><span class=\"post-content__span\"> La Universidad Tecnol\u00f3gica de Pereira desde el a\u00f1o 2006 viene trabajando en el Plan de Ordenamiento del Campus Universitario, estructur\u00e1ndose acorde a los lineamientos dispuestos por el Plan de Ordenamiento Territorial del municipio de Pereira.<\/p>\n\n\n\n<p><span class=\"post-content__span\"> &nbsp;<a href=\"https:\/\/www.youtube.com\/watch?v=IxvRPYjaydw&amp;feature=youtu.be\">Ver Campus TV<\/a><\/p>\n\n\n\n<p><span class=\"post-content__span\"> As\u00ed mismo, el plan de ordenamiento de la UTP est\u00e1 adecuando las entradas de acceso, este proyecto cuenta con la construcci\u00f3n de cinco porter\u00edas las cuales permitir\u00e1n mejorar la circulaci\u00f3n, el acceso y la seguridad&nbsp; de la comunidad universitaria.<\/p>\n\n\n\n<p><span class=\"post-content__span\"> La interventora del proyecto, Ingeniera Gloria Grajales, manifest\u00f3 que la obra se entregar\u00e1 en su totalidad para el mes de diciembre. Dentro de este proceso se encuentra la carnetizaci\u00f3n&nbsp; de todos los estudiantes, docentes y administrativos de la Universidad; permitiendo de esta manera una proyecci\u00f3n de calidad acorde a las necesidades de seguridad, movilidad y acceso a la UTP.<\/p>\n","protected":false},"excerpt":{"rendered":"<p>La Universidad Tecnol\u00f3gica de Pereira desde el a\u00f1o 2006 viene trabajando en el Plan de Ordenamiento del Campus Universitario, estructur\u00e1ndose [&hellip;]<\/p>\n","protected":false},"author":0,"featured_media":0,"comment_status":"closed","ping_status":"closed","sticky":false,"template":"","format":"standard","meta":{"footnotes":""},"categories":[3],"tags":[],"class_list":["post-222","post","type-post","status-publish","format-standard","hentry","category-noticias"],"_links":{"self":[{"href":"https:\/\/vicerrectorias.utp.edu.co\/responsabilidad-social\/wp-json\/wp\/v2\/posts\/222","targetHints":{"allow":["GET"]}}],"collection":[{"href":"https:\/\/vicerrectorias.utp.edu.co\/responsabilidad-social\/wp-json\/wp\/v2\/posts"}],"about":[{"href":"https:\/\/vicerrectorias.utp.edu.co\/responsabilidad-social\/wp-json\/wp\/v2\/types\/post"}],"replies":[{"embeddable":true,"href":"https:\/\/vicerrectorias.utp.edu.co\/responsabilidad-social\/wp-json\/wp\/v2\/comments?post=222"}],"version-history":[{"count":1,"href":"https:\/\/vicerrectorias.utp.edu.co\/responsabilidad-social\/wp-json\/wp\/v2\/posts\/222\/revisions"}],"predecessor-version":[{"id":9767,"href":"https:\/\/vicerrectorias.utp.edu.co\/responsabilidad-social\/wp-json\/wp\/v2\/posts\/222\/revisions\/9767"}],"wp:attachment":[{"href":"https:\/\/vicerrectorias.utp.edu.co\/responsabilidad-social\/wp-json\/wp\/v2\/media?parent=222"}],"wp:term":[{"taxonomy":"category","embeddable":true,"href":"https:\/\/vicerrectorias.utp.edu.co\/responsabilidad-social\/wp-json\/wp\/v2\/categories?post=222"},{"taxonomy":"post_tag","embeddable":true,"href":"https:\/\/vicerrectorias.utp.edu.co\/responsabilidad-social\/wp-json\/wp\/v2\/tags?post=222"}],"curies":[{"name":"wp","href":"https:\/\/api.w.org\/{rel}","templated":true}]}}