{"id":220,"date":"2014-06-21T09:27:28","date_gmt":"2014-06-21T07:27:28","guid":{"rendered":""},"modified":"2024-08-15T15:53:08","modified_gmt":"2024-08-15T13:53:08","slug":"comunicado-a-la-opinion-publica","status":"publish","type":"post","link":"https:\/\/vicerrectorias.utp.edu.co\/responsabilidad-social\/comunicado-a-la-opinion-publica\/","title":{"rendered":"COMUNICADO A LA OPINI\u00d3N P\u00daBLICA"},"content":{"rendered":"\n<p><span class=\"post-content__span\"> <strong>COMUNICADO A LA OPINI\u00d3N P\u00daBLICA<\/strong><\/p>\n\n\n\n<p><span class=\"post-content__span\"> La Universidad Tecnol\u00f3gica de Pereira lamenta y rechaza con toda determinaci\u00f3n las<br>amenazas contra la vida e integridad personal de un conjunto de l\u00edderes<br>estudiantiles proferida por un grupo al margen de la ley autodenominado \u201cLas<br>\u00c1guilas Negras\u201d, a trav\u00e9s de las redes sociales, y en las cuales amenazan de<br>muerte a los representantes y candidatos estudiantiles a diferentes<br>representaciones ante los organismos universitarios.<\/p>\n\n\n\n<p><span class=\"post-content__span\"> La Universidad no ceder\u00e1 jam\u00e1s en su posici\u00f3n de condenar toda forma de violencia<br>o coacci\u00f3n contra los miembros de la comunidad universitaria o persona alguna,<br>pues no ser\u00e1 posible que logremos una sociedad civilizada sobre la violencia,<br>la coacci\u00f3n o la amenaza.<\/p>\n\n\n\n<p><span class=\"post-content__span\"> Los l\u00edderes estudiantiles amenazados cuentan con todo el respaldo institucional,<br>pues han ejercido el derecho democr\u00e1tico de participaci\u00f3n por los canales<br>institucionales y defienden sus ideas y principios dentro de la legalidad<br>universitaria y son voceros naturales de la esencia misma de toda universidad,<br>el pluralismo, respeto a las diferencias y la capacidad de disentir sin apelar<br>a la violencia.<\/p>\n\n\n\n<p><span class=\"post-content__span\"> Hacemos un p\u00fablico llamado a todas las organizaciones sociales y las autoridades del<br>Estado para que no s\u00f3lo rechacen estas pr\u00e1cticas delictivas que les roban la<br>tranquilidad a estas personas y sus familias, sino que adem\u00e1s se lleven a cabo<br>todas las investigaciones y se tomen las medidas preventivas y de protecci\u00f3n<br>que ameritan estas graves denuncias.<\/p>\n\n\n\n<p><span class=\"post-content__span\"> La Patria, como concepto que nos re\u00fane a todos, no puede ser el expediente sobre<br>el que se siembre terror y la intimidaci\u00f3n para el exterminio de las<br>diferencias entre todos los colombianos, pues compartimos los anhelos de futuro<br>com\u00fan que nos permitan el logro de las transformaciones necesarias a una<br>sociedad justa, plural y pac\u00edfica.<\/p>\n\n\n\n<p><span class=\"post-content__span\"> Daremos<br>traslado de estas amenazas a las autoridades competentes e invitamos a toda la<br>comunidad a censurar estos procederes que desdicen de la aut\u00e9ntica nacionalidad<br>colombiana evocadora de la paz y de libertad, como presupuestos indispensable<br>de la justicia.<\/p>\n\n\n\n<p><span class=\"post-content__span\"> <a rel=\"nofollow\" href=\"https:\/\/vicerrectorias.utp.edu.co\/responsabilidad-social\/wp-content\/uploads\/sites\/12\/COMUNICADO_A_LA_OPINION_PUBLICA_21_de_junio_2014.docx\">COMUNICADO_A_LA_OPINION_PUBLICA_21_de_junio_2014.docx<\/a><\/p>\n","protected":false},"excerpt":{"rendered":"<p>COMUNICADO A LA OPINI\u00d3N P\u00daBLICA La Universidad Tecnol\u00f3gica de Pereira lamenta y rechaza con toda determinaci\u00f3n lasamenazas contra la vida [&hellip;]<\/p>\n","protected":false},"author":0,"featured_media":0,"comment_status":"closed","ping_status":"closed","sticky":false,"template":"","format":"standard","meta":{"footnotes":""},"categories":[3],"tags":[],"class_list":["post-220","post","type-post","status-publish","format-standard","hentry","category-noticias"],"_links":{"self":[{"href":"https:\/\/vicerrectorias.utp.edu.co\/responsabilidad-social\/wp-json\/wp\/v2\/posts\/220","targetHints":{"allow":["GET"]}}],"collection":[{"href":"https:\/\/vicerrectorias.utp.edu.co\/responsabilidad-social\/wp-json\/wp\/v2\/posts"}],"about":[{"href":"https:\/\/vicerrectorias.utp.edu.co\/responsabilidad-social\/wp-json\/wp\/v2\/types\/post"}],"replies":[{"embeddable":true,"href":"https:\/\/vicerrectorias.utp.edu.co\/responsabilidad-social\/wp-json\/wp\/v2\/comments?post=220"}],"version-history":[{"count":1,"href":"https:\/\/vicerrectorias.utp.edu.co\/responsabilidad-social\/wp-json\/wp\/v2\/posts\/220\/revisions"}],"predecessor-version":[{"id":9769,"href":"https:\/\/vicerrectorias.utp.edu.co\/responsabilidad-social\/wp-json\/wp\/v2\/posts\/220\/revisions\/9769"}],"wp:attachment":[{"href":"https:\/\/vicerrectorias.utp.edu.co\/responsabilidad-social\/wp-json\/wp\/v2\/media?parent=220"}],"wp:term":[{"taxonomy":"category","embeddable":true,"href":"https:\/\/vicerrectorias.utp.edu.co\/responsabilidad-social\/wp-json\/wp\/v2\/categories?post=220"},{"taxonomy":"post_tag","embeddable":true,"href":"https:\/\/vicerrectorias.utp.edu.co\/responsabilidad-social\/wp-json\/wp\/v2\/tags?post=220"}],"curies":[{"name":"wp","href":"https:\/\/api.w.org\/{rel}","templated":true}]}}