{"id":219,"date":"2014-06-20T08:35:43","date_gmt":"2014-06-20T06:35:43","guid":{"rendered":""},"modified":"2024-08-15T15:53:09","modified_gmt":"2024-08-15T13:53:09","slug":"universitaria-estereo-ahora-con-2k-de-potencia","status":"publish","type":"post","link":"https:\/\/vicerrectorias.utp.edu.co\/responsabilidad-social\/universitaria-estereo-ahora-con-2k-de-potencia\/","title":{"rendered":"Universitaria Est\u00e9reo ahora con 2K de potencia"},"content":{"rendered":"\n<div class=\"titulo\">\n<h2>Universitaria Est\u00e9reo ahora con 2K de potencia<\/h2>\n<\/div>\n\n\n\n<div class=\"contenido-wrapper\">\n<div class=\"opciones hidden-print\">\n<div class=\"pull-right acciones\"><a class=\"pdf\" title=\"Descarga Universitaria Est\u00e9reo ahora con 2K de potencia  en PDF\" rel=\"nofollow noopener noreferrer\" href=\"https:\/\/comunicaciones.utp.edu.co\/noticias\/25645\/universitaria-estereo-ahora-con-2k-de-potencia\/pdf\" target=\"_blank\"><\/a>&nbsp;<a class=\"print\" title=\"Imprimir Universitaria Est\u00e9reo ahora con 2K de potencia \" rel=\"nofollow\" href=\"https:\/\/comunicaciones.utp.edu.co\/noticias\/25645\/universitaria-estereo-ahora-con-2k-de-potencia\"><\/a><\/div>\n<\/div>\n<div class=\"noticia-articulo\">\n<div class=\"contenido\">\n<p><span class=\"post-content__span\"> Con un aumento de potencia de 1k a 2k, Universitaria Est\u00e9reo extiende su se\u00f1al a los municipios de Pereira, Dosquebradas, Belalcazar, Montenegro, La Virginia, Risaralda, Quimbaya, Balboa, Filandia, Obando, Santuario, San Jos\u00e9, Zaragosa, Cartago, Anserma Caldas y Anserma nuevo.&nbsp; &nbsp;<\/p>\n<p><span class=\"post-content__span\"> Ahora los 88.2 llegan a m\u00e1s oyentes y con mayor fidelidad, sinton\u00edcela en el F.M. o a trav\u00e9s de su se\u00f1al por&nbsp;<a rel=\"nofollow\" href=\"https:\/\/universitariaestereo.utp.edu.co\/emisora\">internet<\/a>; tambi\u00e9n puede escuchar sus mejores programas de contenido en el<a rel=\"nofollow\" href=\"https:\/\/comunicaciones.utp.edu.co\/podcasts\">&nbsp;espacio de podcasts<\/a>.&nbsp;&nbsp;<\/p>\n<p><span class=\"post-content__span\"> La nueva potencia se suma a los motivos para celebrar en el marco del cumplea\u00f1os n\u00famero 14 de la emisora. &nbsp;<\/p>\n<\/div>\n<\/div>\n<\/div>\n","protected":false},"excerpt":{"rendered":"<p>Universitaria Est\u00e9reo ahora con 2K de potencia &nbsp; Con un aumento de potencia de 1k a 2k, Universitaria Est\u00e9reo extiende [&hellip;]<\/p>\n","protected":false},"author":0,"featured_media":0,"comment_status":"closed","ping_status":"closed","sticky":false,"template":"","format":"standard","meta":{"footnotes":""},"categories":[3],"tags":[],"class_list":["post-219","post","type-post","status-publish","format-standard","hentry","category-noticias"],"_links":{"self":[{"href":"https:\/\/vicerrectorias.utp.edu.co\/responsabilidad-social\/wp-json\/wp\/v2\/posts\/219","targetHints":{"allow":["GET"]}}],"collection":[{"href":"https:\/\/vicerrectorias.utp.edu.co\/responsabilidad-social\/wp-json\/wp\/v2\/posts"}],"about":[{"href":"https:\/\/vicerrectorias.utp.edu.co\/responsabilidad-social\/wp-json\/wp\/v2\/types\/post"}],"replies":[{"embeddable":true,"href":"https:\/\/vicerrectorias.utp.edu.co\/responsabilidad-social\/wp-json\/wp\/v2\/comments?post=219"}],"version-history":[{"count":1,"href":"https:\/\/vicerrectorias.utp.edu.co\/responsabilidad-social\/wp-json\/wp\/v2\/posts\/219\/revisions"}],"predecessor-version":[{"id":9778,"href":"https:\/\/vicerrectorias.utp.edu.co\/responsabilidad-social\/wp-json\/wp\/v2\/posts\/219\/revisions\/9778"}],"wp:attachment":[{"href":"https:\/\/vicerrectorias.utp.edu.co\/responsabilidad-social\/wp-json\/wp\/v2\/media?parent=219"}],"wp:term":[{"taxonomy":"category","embeddable":true,"href":"https:\/\/vicerrectorias.utp.edu.co\/responsabilidad-social\/wp-json\/wp\/v2\/categories?post=219"},{"taxonomy":"post_tag","embeddable":true,"href":"https:\/\/vicerrectorias.utp.edu.co\/responsabilidad-social\/wp-json\/wp\/v2\/tags?post=219"}],"curies":[{"name":"wp","href":"https:\/\/api.w.org\/{rel}","templated":true}]}}