{"id":2171,"date":"2016-09-09T14:47:09","date_gmt":"2016-09-09T12:47:09","guid":{"rendered":""},"modified":"2024-08-15T14:55:53","modified_gmt":"2024-08-15T12:55:53","slug":"bicicleton-por-la-paz-video","status":"publish","type":"post","link":"https:\/\/vicerrectorias.utp.edu.co\/responsabilidad-social\/bicicleton-por-la-paz-video\/","title":{"rendered":"Biciclet\u00f3n por La Paz &#8211; Video"},"content":{"rendered":"\n<p><span class=\"post-content__span\"> Biciclet\u00f3n por La Paz &#8211; Video<\/p>\n\n\n\n<p><span class=\"post-content__span\"> <img decoding=\"async\" src=\"https:\/\/comunicaciones.utp.edu.co\/wp-content\/uploads\/sites\/2\/bicileton-campus-clip.jpg\" alt=\"Biciclet\u00f3n por La Paz - Video\"><\/p>\n\n\n\n<p><span class=\"post-content__span\"> El pasado domingo 4 de julio, se llev\u00f3 a cabo la Biciclet\u00f3n. Una jornada convocada por la UTP con el apoyo de las Acald\u00edas de Pereira, Dosquebradas, la Gobernaci\u00f3n de Risaralda y otras entidades, adem\u00e1s de contar con la participaci\u00f3n activa de varios colectivos de estudiantes de la Universidad,\u00a0<a href=\"https:\/\/www.youtube.com\/watch?v=uD6_evp9Zn8\">ver video<\/a>.<\/p>\n","protected":false},"excerpt":{"rendered":"<p>Biciclet\u00f3n por La Paz &#8211; Video El pasado domingo 4 de julio, se llev\u00f3 a cabo la Biciclet\u00f3n. Una jornada [&hellip;]<\/p>\n","protected":false},"author":0,"featured_media":60064,"comment_status":"closed","ping_status":"closed","sticky":false,"template":"","format":"standard","meta":{"footnotes":""},"categories":[3],"tags":[],"class_list":["post-2171","post","type-post","status-publish","format-standard","has-post-thumbnail","hentry","category-noticias"],"_links":{"self":[{"href":"https:\/\/vicerrectorias.utp.edu.co\/responsabilidad-social\/wp-json\/wp\/v2\/posts\/2171","targetHints":{"allow":["GET"]}}],"collection":[{"href":"https:\/\/vicerrectorias.utp.edu.co\/responsabilidad-social\/wp-json\/wp\/v2\/posts"}],"about":[{"href":"https:\/\/vicerrectorias.utp.edu.co\/responsabilidad-social\/wp-json\/wp\/v2\/types\/post"}],"replies":[{"embeddable":true,"href":"https:\/\/vicerrectorias.utp.edu.co\/responsabilidad-social\/wp-json\/wp\/v2\/comments?post=2171"}],"version-history":[{"count":2,"href":"https:\/\/vicerrectorias.utp.edu.co\/responsabilidad-social\/wp-json\/wp\/v2\/posts\/2171\/revisions"}],"predecessor-version":[{"id":9412,"href":"https:\/\/vicerrectorias.utp.edu.co\/responsabilidad-social\/wp-json\/wp\/v2\/posts\/2171\/revisions\/9412"}],"wp:featuredmedia":[{"embeddable":true,"href":"https:\/\/vicerrectorias.utp.edu.co\/responsabilidad-social\/wp-json\/wp\/v2\/media\/60064"}],"wp:attachment":[{"href":"https:\/\/vicerrectorias.utp.edu.co\/responsabilidad-social\/wp-json\/wp\/v2\/media?parent=2171"}],"wp:term":[{"taxonomy":"category","embeddable":true,"href":"https:\/\/vicerrectorias.utp.edu.co\/responsabilidad-social\/wp-json\/wp\/v2\/categories?post=2171"},{"taxonomy":"post_tag","embeddable":true,"href":"https:\/\/vicerrectorias.utp.edu.co\/responsabilidad-social\/wp-json\/wp\/v2\/tags?post=2171"}],"curies":[{"name":"wp","href":"https:\/\/api.w.org\/{rel}","templated":true}]}}