{"id":2121,"date":"2016-09-06T13:04:01","date_gmt":"2016-09-06T11:04:01","guid":{"rendered":""},"modified":"2024-08-15T15:52:54","modified_gmt":"2024-08-15T13:52:54","slug":"semana-por-la-paz","status":"publish","type":"post","link":"https:\/\/vicerrectorias.utp.edu.co\/responsabilidad-social\/semana-por-la-paz\/","title":{"rendered":"Semana por la Paz"},"content":{"rendered":"\n<p><span class=\"post-content__span\"> Semana por la Paz<\/p>\n\n\n\n<p><span class=\"post-content__span\"> <img decoding=\"async\" alt=\"Semana por la Paz\" src=\"https:\/\/comunicaciones.utp.edu.co\/wp-content\/uploads\/sites\/2\/semana-por-la-paz-campus.jpg\">La C\u00e1tedra de la Paz UTP en el marco del desarrollo de la Semana por la Paz, &nbsp;invita a participar de las actividades acad\u00e9micas y l\u00fadicas programadas en donde la Universidad y otras universidades, instituciones y organizaciones de la Regi\u00f3n se han unido para dialogar acerca del Proceso de Paz.<\/p>\n\n\n\n<p><span class=\"post-content__span\"> Nota: Para el No Taller a cargo de la Fundaci\u00f3n Rodeemos el Di\u00e1logo, se han programado cuatro horarios para facilitar la asistencia.<\/p>\n\n\n\n<p><span class=\"post-content__span\"> Lunes 5 de septiembre<\/p>\n\n\n\n<p><span class=\"post-content__span\"> Grupo 1 de 8:00 a.m. a 12:00 m<\/p>\n\n\n\n<p><span class=\"post-content__span\"> Grupo 2 de 2:00 p.m. a 6:00 p.m.<\/p>\n\n\n\n<p><span class=\"post-content__span\"> Martes 6 de septiembre<\/p>\n\n\n\n<p><span class=\"post-content__span\"> Grupo 3 de 8:00 a.m. a 12:00 m<\/p>\n\n\n\n<p><span class=\"post-content__span\"> Grupo 4 de 2:00 p.m. a 6:00 p.m.<\/p>\n\n\n\n<p><span class=\"post-content__span\"> Lugar: Sal\u00f3n 12-602, Facultad de Bellas Artes y Humanidades, Universidad Tecnol\u00f3gica de Pereira<\/p>\n\n\n\n<p><span class=\"post-content__span\"> El Cupo es limitado, por lo tanto se requiere la inscripci\u00f3n.&nbsp;<\/p>\n\n\n\n<p><span class=\"post-content__span\"> Sin costo.<\/p>\n\n\n\n<p><span class=\"post-content__span\"> Las Inscripciones se encuentran abiertas en:<\/p>\n\n\n\n<figure class=\"wp-block-embed\"><div class=\"wp-block-embed__wrapper\">\nhttps:\/\/goo.gl\/forms\/EbNZ0VzbREvOSqcS2\n<\/div><\/figure>\n\n\n\n<p><span class=\"post-content__span\"> S\u00f3lo se podr\u00e1n inscribir en uno de los horarios.<\/p>\n\n\n\n<figure class=\"wp-block-image\"><img decoding=\"async\" src=\"https:\/\/vicerrectorias.utp.edu.co\/responsabilidad-social\/wp-content\/uploads\/sites\/12\/SEMANA-PAZ-SEP-2016.png\" alt=\"\"\/><\/figure>\n","protected":false},"excerpt":{"rendered":"<p>Semana por la Paz La C\u00e1tedra de la Paz UTP en el marco del desarrollo de la Semana por la [&hellip;]<\/p>\n","protected":false},"author":0,"featured_media":60059,"comment_status":"closed","ping_status":"closed","sticky":false,"template":"","format":"standard","meta":{"footnotes":""},"categories":[3],"tags":[],"class_list":["post-2121","post","type-post","status-publish","format-standard","has-post-thumbnail","hentry","category-noticias"],"_links":{"self":[{"href":"https:\/\/vicerrectorias.utp.edu.co\/responsabilidad-social\/wp-json\/wp\/v2\/posts\/2121","targetHints":{"allow":["GET"]}}],"collection":[{"href":"https:\/\/vicerrectorias.utp.edu.co\/responsabilidad-social\/wp-json\/wp\/v2\/posts"}],"about":[{"href":"https:\/\/vicerrectorias.utp.edu.co\/responsabilidad-social\/wp-json\/wp\/v2\/types\/post"}],"replies":[{"embeddable":true,"href":"https:\/\/vicerrectorias.utp.edu.co\/responsabilidad-social\/wp-json\/wp\/v2\/comments?post=2121"}],"version-history":[{"count":1,"href":"https:\/\/vicerrectorias.utp.edu.co\/responsabilidad-social\/wp-json\/wp\/v2\/posts\/2121\/revisions"}],"predecessor-version":[{"id":9417,"href":"https:\/\/vicerrectorias.utp.edu.co\/responsabilidad-social\/wp-json\/wp\/v2\/posts\/2121\/revisions\/9417"}],"wp:featuredmedia":[{"embeddable":true,"href":"https:\/\/vicerrectorias.utp.edu.co\/responsabilidad-social\/wp-json\/wp\/v2\/media\/60059"}],"wp:attachment":[{"href":"https:\/\/vicerrectorias.utp.edu.co\/responsabilidad-social\/wp-json\/wp\/v2\/media?parent=2121"}],"wp:term":[{"taxonomy":"category","embeddable":true,"href":"https:\/\/vicerrectorias.utp.edu.co\/responsabilidad-social\/wp-json\/wp\/v2\/categories?post=2121"},{"taxonomy":"post_tag","embeddable":true,"href":"https:\/\/vicerrectorias.utp.edu.co\/responsabilidad-social\/wp-json\/wp\/v2\/tags?post=2121"}],"curies":[{"name":"wp","href":"https:\/\/api.w.org\/{rel}","templated":true}]}}