{"id":2091,"date":"2016-08-29T08:06:35","date_gmt":"2016-08-29T06:06:35","guid":{"rendered":""},"modified":"2024-08-15T11:55:03","modified_gmt":"2024-08-15T09:55:03","slug":"adios-a-la-guerra-un-paso-hacia-la-paz","status":"publish","type":"post","link":"https:\/\/vicerrectorias.utp.edu.co\/responsabilidad-social\/adios-a-la-guerra-un-paso-hacia-la-paz\/","title":{"rendered":"Adi\u00f3s a la guerra, un paso hacia la paz"},"content":{"rendered":"\n<p><span class=\"post-content__span\"> Adi\u00f3s a la guerra, un paso hacia la paz<\/p>\n\n\n\n<p><span class=\"post-content__span\"> <span><img decoding=\"async\" src=\"https:\/\/comunicaciones.utp.edu.co\/wp-content\/uploads\/sites\/2\/Zoom.jpg\" alt=\"Adi\u00f3s a la guerra, un paso hacia la paz\"><\/span><\/p>\n\n\n\n<p><span class=\"post-content__span\"> <span>Se comparte el bolet\u00edn especial emitido por el canal Zoom: La educaci\u00f3n superior, un sector con ideas de paz.\u00a0<\/span>Si se habla de historia en Colombia, \u00bfHacia d\u00f3nde la orienta usted? En un pa\u00eds donde se ha vivido la violencia en su m\u00e1xima expresi\u00f3n, hace que la respuesta y la metodolog\u00eda se dirijan exactamente hacia los acontecimientos de la guerra, asunto que no impresiona a los colombianos como sucede con los extranjeros de los pa\u00edses primermundistas.<\/p>\n\n\n\n<p><span class=\"post-content__span\"> <span>En efecto, si se remite a seis a\u00f1os atr\u00e1s, la idea de darle otro sentido a la l\u00ednea hist\u00f3rica del pa\u00eds surge mediante la iniciativa de unos di\u00e1logos de paz en la Habana, Cuba, (con unos antecedentes de m\u00e1s de treinta a\u00f1os) distancia necesaria para que agentes externos u opositores no influyeran en dicho proceso que era visto por algunos colombianos como algo lejano y no posible.<\/span><\/p>\n\n\n\n<p><span class=\"post-content__span\"> <span>El 24 de agosto de 2016, es fecha inolvidable para los colombianos, pues se alcanz\u00f3 el cierre final de las negociaciones de paz, un acuerdo definitivo, el cual marca un nuevo devenir y un adi\u00f3s a una realidad a la que el pueblo hoy dice: \u201cAdi\u00f3s al odio, adi\u00f3s a la trinchera, adi\u00f3s a las armas\u201d y la citaci\u00f3n al plebiscito el pr\u00f3ximo 2 de octubre.<\/span><\/p>\n\n\n\n<p><span class=\"post-content__span\"> <span>Por otra parte, despu\u00e9s de tener un acuerdo definitivo, el jefe negociador de las Fuerzas Armadas Revolucionarias de Colombia &#8211; Ej\u00e9rcito del Pueblo &#8211; FARC desde la capital cubana dijo,<\/span><em>&nbsp;\u201cCreo que hemos ganado la m\u00e1s hermosa de las batallas, la de la paz de Colombia\u201d.<\/em><\/p>\n\n\n\n<p><span class=\"post-content__span\"> <span>Ahora, la tarea para todos los colombianos es empezar a cicatrizar las consecuencias que afectaron a las comunidades; se trata de materializar una construcci\u00f3n colectiva, en la que un tejido social s\u00f3lido sea el veh\u00edculo de una cultura de paz. As\u00ed, la violencia atroz, la deshumanizaci\u00f3n, el desplazamiento forzado y dem\u00e1s consecuencias son causas que piden a los nuevos profesionales sus aportes para la construcci\u00f3n de una nueva realidad.<\/span><\/p>\n\n\n\n<p><span class=\"post-content__span\"> <em>\u201cLa cuesti\u00f3n por la que las universidades empiezan a definir su compromiso con el escenario del posconflicto, es representar y dar a conocer los espacios de paz y reconciliaci\u00f3n que los estudiantes proponen desde la academia a la sociedad\u201d&nbsp;<\/em><span>enfatiza una de las IES afiliadas al Canal.<\/span><\/p>\n\n\n\n<p><span class=\"post-content__span\"> <span>Este desaf\u00edo apunta hacia las apuestas que, desde la educaci\u00f3n y las universidades del pa\u00eds, tienen para garantizar la prosperidad y la esperanza de la reconciliaci\u00f3n, el perd\u00f3n, el olvido y la inclusi\u00f3n social, ya que las herramientas las hay. Por eso es hora de pensar cu\u00e1l es el aporte que cada uno puede hacer para contribuir a la obtenci\u00f3n de la paz y la garant\u00eda de la no repetici\u00f3n de los hechos violentos.<\/span><\/p>\n","protected":false},"excerpt":{"rendered":"<p>Adi\u00f3s a la guerra, un paso hacia la paz Se comparte el bolet\u00edn especial emitido por el canal Zoom: La [&hellip;]<\/p>\n","protected":false},"author":0,"featured_media":0,"comment_status":"closed","ping_status":"closed","sticky":false,"template":"","format":"standard","meta":{"footnotes":""},"categories":[3],"tags":[],"class_list":["post-2091","post","type-post","status-publish","format-standard","hentry","category-noticias"],"_links":{"self":[{"href":"https:\/\/vicerrectorias.utp.edu.co\/responsabilidad-social\/wp-json\/wp\/v2\/posts\/2091","targetHints":{"allow":["GET"]}}],"collection":[{"href":"https:\/\/vicerrectorias.utp.edu.co\/responsabilidad-social\/wp-json\/wp\/v2\/posts"}],"about":[{"href":"https:\/\/vicerrectorias.utp.edu.co\/responsabilidad-social\/wp-json\/wp\/v2\/types\/post"}],"replies":[{"embeddable":true,"href":"https:\/\/vicerrectorias.utp.edu.co\/responsabilidad-social\/wp-json\/wp\/v2\/comments?post=2091"}],"version-history":[{"count":2,"href":"https:\/\/vicerrectorias.utp.edu.co\/responsabilidad-social\/wp-json\/wp\/v2\/posts\/2091\/revisions"}],"predecessor-version":[{"id":9421,"href":"https:\/\/vicerrectorias.utp.edu.co\/responsabilidad-social\/wp-json\/wp\/v2\/posts\/2091\/revisions\/9421"}],"wp:attachment":[{"href":"https:\/\/vicerrectorias.utp.edu.co\/responsabilidad-social\/wp-json\/wp\/v2\/media?parent=2091"}],"wp:term":[{"taxonomy":"category","embeddable":true,"href":"https:\/\/vicerrectorias.utp.edu.co\/responsabilidad-social\/wp-json\/wp\/v2\/categories?post=2091"},{"taxonomy":"post_tag","embeddable":true,"href":"https:\/\/vicerrectorias.utp.edu.co\/responsabilidad-social\/wp-json\/wp\/v2\/tags?post=2091"}],"curies":[{"name":"wp","href":"https:\/\/api.w.org\/{rel}","templated":true}]}}