{"id":208,"date":"2014-06-17T11:41:29","date_gmt":"2014-06-17T09:41:29","guid":{"rendered":""},"modified":"2024-08-15T15:53:09","modified_gmt":"2024-08-15T13:53:09","slug":"agradecimiento-a-la-vrsybu","status":"publish","type":"post","link":"https:\/\/vicerrectorias.utp.edu.co\/responsabilidad-social\/agradecimiento-a-la-vrsybu\/","title":{"rendered":"AGRADECIMIENTO A LA VRSYBU"},"content":{"rendered":"\n<p><span class=\"post-content__span\"> Pereira, Junio 16 del 2014<\/p>\n\n\n\n<p><span class=\"post-content__span\"> <strong>Doctora <\/strong><\/p>\n\n\n\n<p><span class=\"post-content__span\"> <strong>DIANA PATRICIA G\u00d3MEZ BOTERO <\/strong><\/p>\n\n\n\n<p><span class=\"post-content__span\"> <strong>Vicerrectora de Bienestar Universitario y Responsabilidad Social <\/strong><\/p>\n\n\n\n<p><span class=\"post-content__span\"> <strong>Universidad Tecnol\u00f3gica de Pereira<\/strong><\/p>\n\n\n\n<p><span class=\"post-content__span\"> Cordial Saludo,<\/p>\n\n\n\n<p><span class=\"post-content__span\"> La presente tiene como finalidad agradecerle su apoyo oportuno y fundamental, extensivo a su equipo de trabajo, en la realizaci\u00f3n de la Campa\u00f1a de Donaci\u00f3n de Sangre \u201cSARY ARANGO GAVIRIA, realizada el 30 de mayo del presente a\u00f1o.&nbsp;<\/p>\n\n\n\n<p><span class=\"post-content__span\"> Igualmente nos complace informarle el \u00e9xito rotundo de la campa\u00f1a en la cual se recolectaron 400 bolsas de sangre con la participaci\u00f3n de 75 estudiantes del programa de medicina.<\/p>\n\n\n\n<p><span class=\"post-content__span\"> Sea esta la oportunidad para invitarla el d\u00eda 18 de junio a las 10 am al acto p\u00fablico de reconocimiento que se realizar\u00e1 en el auditorio de la Asamblea Departamental ubicado en la calle 19 n\u00famero 13-17 Edificio de la Gobernaci\u00f3n del Risaralda.<\/p>\n\n\n\n<p><span class=\"post-content__span\"> Atentamente<\/p>\n\n\n\n<p><span class=\"post-content__span\"> Juliana Buitrago Jaramillo<\/p>\n\n\n\n<p><span class=\"post-content__span\"> Decana&nbsp; (E)<\/p>\n\n\n\n<p><span class=\"post-content__span\"> Facultad Ciencias de la Salud<\/p>\n\n\n\n<p><span class=\"post-content__span\"> Universidad Tecnol\u00f3gica de Pereira<\/p>\n\n\n\n<p><span class=\"post-content__span\"> Adriana Garc\u00eda T.<\/p>\n\n\n\n<p><span class=\"post-content__span\"> Docente Departamento de Medicina Comunitaria<\/p>\n\n\n\n<p><span class=\"post-content__span\"> Coordinadora Campa\u00f1a de Donaci\u00f3n&nbsp;&nbsp;&nbsp;<\/p>\n\n\n\n<p><span class=\"post-content__span\"> Programa Medicina-Facultad Ciencias de la Salud<\/p>\n\n\n\n<p><span class=\"post-content__span\"> <a rel=\"nofollow\" href=\"https:\/\/vicerrectorias.utp.edu.co\/responsabilidad-social\/wp-content\/uploads\/sites\/12\/CARTA_AGRADECIMIENTO_VICERRECTORA.docx\">CARTA_AGRADECIMIENTO_VICERRECTORA.docx<\/a><\/p>\n","protected":false},"excerpt":{"rendered":"<p>Pereira, Junio 16 del 2014 Doctora DIANA PATRICIA G\u00d3MEZ BOTERO Vicerrectora de Bienestar Universitario y Responsabilidad Social Universidad Tecnol\u00f3gica de [&hellip;]<\/p>\n","protected":false},"author":0,"featured_media":0,"comment_status":"closed","ping_status":"closed","sticky":false,"template":"","format":"standard","meta":{"footnotes":""},"categories":[3],"tags":[],"class_list":["post-208","post","type-post","status-publish","format-standard","hentry","category-noticias"],"_links":{"self":[{"href":"https:\/\/vicerrectorias.utp.edu.co\/responsabilidad-social\/wp-json\/wp\/v2\/posts\/208","targetHints":{"allow":["GET"]}}],"collection":[{"href":"https:\/\/vicerrectorias.utp.edu.co\/responsabilidad-social\/wp-json\/wp\/v2\/posts"}],"about":[{"href":"https:\/\/vicerrectorias.utp.edu.co\/responsabilidad-social\/wp-json\/wp\/v2\/types\/post"}],"replies":[{"embeddable":true,"href":"https:\/\/vicerrectorias.utp.edu.co\/responsabilidad-social\/wp-json\/wp\/v2\/comments?post=208"}],"version-history":[{"count":1,"href":"https:\/\/vicerrectorias.utp.edu.co\/responsabilidad-social\/wp-json\/wp\/v2\/posts\/208\/revisions"}],"predecessor-version":[{"id":9781,"href":"https:\/\/vicerrectorias.utp.edu.co\/responsabilidad-social\/wp-json\/wp\/v2\/posts\/208\/revisions\/9781"}],"wp:attachment":[{"href":"https:\/\/vicerrectorias.utp.edu.co\/responsabilidad-social\/wp-json\/wp\/v2\/media?parent=208"}],"wp:term":[{"taxonomy":"category","embeddable":true,"href":"https:\/\/vicerrectorias.utp.edu.co\/responsabilidad-social\/wp-json\/wp\/v2\/categories?post=208"},{"taxonomy":"post_tag","embeddable":true,"href":"https:\/\/vicerrectorias.utp.edu.co\/responsabilidad-social\/wp-json\/wp\/v2\/tags?post=208"}],"curies":[{"name":"wp","href":"https:\/\/api.w.org\/{rel}","templated":true}]}}