{"id":2071,"date":"2016-08-29T08:00:24","date_gmt":"2016-08-29T06:00:24","guid":{"rendered":""},"modified":"2024-08-15T15:52:54","modified_gmt":"2024-08-15T13:52:54","slug":"comunicado-escenarios-deportivos-utp","status":"publish","type":"post","link":"https:\/\/vicerrectorias.utp.edu.co\/responsabilidad-social\/comunicado-escenarios-deportivos-utp\/","title":{"rendered":"Comunicado Escenarios Deportivos UTP"},"content":{"rendered":"\n<p><span class=\"post-content__span\"> Se le informa a toda la comunidad en general que&nbsp; para&nbsp; el uso y disfrute de los Escenarios Deportivos de la zona sur de la Universidad Tecnol\u00f3gica de Pereira (instalaciones nuevas),&nbsp; se est\u00e1n ultimando detalles para la entrega definitiva de la obra con el fin de ponerla al servicio de toda la comunidad.&nbsp;<\/p>\n\n\n\n<p><span class=\"post-content__span\"> Es importante conocer que se estar\u00e1 reservando hasta la otra semana, de la manera en que se detalla a continuaci\u00f3n, teniendo en cuenta la prioridad de pr\u00e9stamo establecida en el manual de uso y aprovechamiento de escenarios deportivos UTP 2016: deporte acad\u00e9mico y entrenamiento de selectivos deportivos UTP. &nbsp;&nbsp;En este orden, la reserva de los mismos para la comunidad en general, se har\u00e1 a partir de la pr\u00f3xima semana (septiembre 01 de 2016), utilizando el procedimiento que se publicar\u00e1 a trav\u00e9s de Campus InForma y&nbsp; de la Oficina de Formaci\u00f3n Deportiva Bloque 2 -117 VRSBU.<\/p>\n\n\n\n<p><span class=\"post-content__span\"> Agradecemos su comprensi\u00f3n y&nbsp; apoyo para el proceso.<\/p>\n\n\n\n<p><span class=\"post-content__span\"> Atentamente,<\/p>\n\n\n\n<p><span class=\"post-content__span\"> Vicerrector\u00eda de Responsabilidad Social y Bienestar Universitario<\/p>\n\n\n\n<p><span class=\"post-content__span\"> Gerencia Escenarios deportivos UTP<\/p>\n","protected":false},"excerpt":{"rendered":"<p>Se le informa a toda la comunidad en general que&nbsp; para&nbsp; el uso y disfrute de los Escenarios Deportivos de [&hellip;]<\/p>\n","protected":false},"author":0,"featured_media":0,"comment_status":"closed","ping_status":"closed","sticky":false,"template":"","format":"standard","meta":{"footnotes":""},"categories":[3],"tags":[],"class_list":["post-2071","post","type-post","status-publish","format-standard","hentry","category-noticias"],"_links":{"self":[{"href":"https:\/\/vicerrectorias.utp.edu.co\/responsabilidad-social\/wp-json\/wp\/v2\/posts\/2071","targetHints":{"allow":["GET"]}}],"collection":[{"href":"https:\/\/vicerrectorias.utp.edu.co\/responsabilidad-social\/wp-json\/wp\/v2\/posts"}],"about":[{"href":"https:\/\/vicerrectorias.utp.edu.co\/responsabilidad-social\/wp-json\/wp\/v2\/types\/post"}],"replies":[{"embeddable":true,"href":"https:\/\/vicerrectorias.utp.edu.co\/responsabilidad-social\/wp-json\/wp\/v2\/comments?post=2071"}],"version-history":[{"count":1,"href":"https:\/\/vicerrectorias.utp.edu.co\/responsabilidad-social\/wp-json\/wp\/v2\/posts\/2071\/revisions"}],"predecessor-version":[{"id":9422,"href":"https:\/\/vicerrectorias.utp.edu.co\/responsabilidad-social\/wp-json\/wp\/v2\/posts\/2071\/revisions\/9422"}],"wp:attachment":[{"href":"https:\/\/vicerrectorias.utp.edu.co\/responsabilidad-social\/wp-json\/wp\/v2\/media?parent=2071"}],"wp:term":[{"taxonomy":"category","embeddable":true,"href":"https:\/\/vicerrectorias.utp.edu.co\/responsabilidad-social\/wp-json\/wp\/v2\/categories?post=2071"},{"taxonomy":"post_tag","embeddable":true,"href":"https:\/\/vicerrectorias.utp.edu.co\/responsabilidad-social\/wp-json\/wp\/v2\/tags?post=2071"}],"curies":[{"name":"wp","href":"https:\/\/api.w.org\/{rel}","templated":true}]}}